{"id":621,"date":"2020-09-28T14:03:12","date_gmt":"2020-09-28T17:03:12","guid":{"rendered":"http:\/\/redeaplmineral.org.br\/?p=621"},"modified":"2020-09-28T14:03:14","modified_gmt":"2020-09-28T17:03:14","slug":"diretor-geral-participa-no-para-de-debate-sobre-o-marco-regulatorio-da-mineracao","status":"publish","type":"post","link":"http:\/\/redeaplmineral.org.br\/?p=621","title":{"rendered":"Diretor-Geral participa no Par\u00e1 de debate sobre o marco regulat\u00f3rio da minera\u00e7\u00e3o"},"content":{"rendered":"\n<p><strong>13\/05\/2009<\/strong>&nbsp;&#8211; O diretor-geral do Departamento Nacional de Produ\u00e7\u00e3o Mineral (DNPM), S\u00e9rgio Augusto D\u00e2maso de Sousa, participou, na sexta-feira, (13\/5) em Marab\u00e1, no Par\u00e1, do encontro \u201cDi\u00e1logos sobre Min\u00e9rios e Desenvolvimento\u201d, organizado pela Federa\u00e7\u00e3o das Associa\u00e7\u00f5es dos Munic\u00edpios do Estado do Par\u00e1 (Famep).<\/p>\n\n\n\n<p>O secret\u00e1rio de Geologia, Minera\u00e7\u00e3o e Transforma\u00e7\u00e3o Mineral do Minist\u00e9rio de Minas e Energia, Cl\u00e1udio Scliar, tamb\u00e9m esteve presente no evento, representando o ministro Edison Lob\u00e3o; al\u00e9m do superintendente do DNPM no Par\u00e1, Every Geniguens Tomas de Aquino, que tamb\u00e9m prestigiou o evento em Marab\u00e1.<\/p>\n","protected":false},"excerpt":{"rendered":"<p>13\/05\/2009&nbsp;&#8211; O diretor-geral do Departamento Nacional de Produ\u00e7\u00e3o Mineral (DNPM), S\u00e9rgio Augusto D\u00e2maso de Sousa, participou, na sexta-feira, (13\/5) em Marab\u00e1, no Par\u00e1, do encontro \u201cDi\u00e1logos sobre Min\u00e9rios e Desenvolvimento\u201d, organizado pela Federa\u00e7\u00e3o das Associa\u00e7\u00f5es dos Munic\u00edpios do Estado do Par\u00e1 (Famep). O secret\u00e1rio de Geologia, Minera\u00e7\u00e3o e Transforma\u00e7\u00e3o Mineral do Minist\u00e9rio de Minas e [&hellip;]<\/p>\n","protected":false},"author":2,"featured_media":0,"comment_status":"open","ping_status":"open","sticky":false,"template":"","format":"standard","meta":{"footnotes":""},"categories":[31],"tags":[],"class_list":["post-621","post","type-post","status-publish","format-standard","hentry","category-noticias-pormin"],"_links":{"self":[{"href":"http:\/\/redeaplmineral.org.br\/index.php?rest_route=\/wp\/v2\/posts\/621","targetHints":{"allow":["GET"]}}],"collection":[{"href":"http:\/\/redeaplmineral.org.br\/index.php?rest_route=\/wp\/v2\/posts"}],"about":[{"href":"http:\/\/redeaplmineral.org.br\/index.php?rest_route=\/wp\/v2\/types\/post"}],"author":[{"embeddable":true,"href":"http:\/\/redeaplmineral.org.br\/index.php?rest_route=\/wp\/v2\/users\/2"}],"replies":[{"embeddable":true,"href":"http:\/\/redeaplmineral.org.br\/index.php?rest_route=%2Fwp%2Fv2%2Fcomments&post=621"}],"version-history":[{"count":1,"href":"http:\/\/redeaplmineral.org.br\/index.php?rest_route=\/wp\/v2\/posts\/621\/revisions"}],"predecessor-version":[{"id":622,"href":"http:\/\/redeaplmineral.org.br\/index.php?rest_route=\/wp\/v2\/posts\/621\/revisions\/622"}],"wp:attachment":[{"href":"http:\/\/redeaplmineral.org.br\/index.php?rest_route=%2Fwp%2Fv2%2Fmedia&parent=621"}],"wp:term":[{"taxonomy":"category","embeddable":true,"href":"http:\/\/redeaplmineral.org.br\/index.php?rest_route=%2Fwp%2Fv2%2Fcategories&post=621"},{"taxonomy":"post_tag","embeddable":true,"href":"http:\/\/redeaplmineral.org.br\/index.php?rest_route=%2Fwp%2Fv2%2Ftags&post=621"}],"curies":[{"name":"wp","href":"https:\/\/api.w.org\/{rel}","templated":true}]}}