{"id":619,"date":"2020-09-28T14:02:11","date_gmt":"2020-09-28T17:02:11","guid":{"rendered":"http:\/\/redeaplmineral.org.br\/?p=619"},"modified":"2020-09-28T14:02:14","modified_gmt":"2020-09-28T17:02:14","slug":"delegacao-da-suecia-conhece-a-matriz-energetica-brasileira","status":"publish","type":"post","link":"http:\/\/redeaplmineral.org.br\/?p=619","title":{"rendered":"Delega\u00e7\u00e3o da Su\u00e9cia conhece a matriz energ\u00e9tica brasileira"},"content":{"rendered":"\n<p>Uma delega\u00e7\u00e3o da Su\u00e9cia formada por membros do governo e empresas privadas visitou o Minist\u00e9rio de Minas e Energia (MME) nesta segunda-feira (16) para conhecer os diferentes setores de atua\u00e7\u00e3o do MME. O encontro, que contou a participa\u00e7\u00e3o dos secret\u00e1rios das pastas de Geologia e Transforma\u00e7\u00e3o Mineral; Petr\u00f3leo e G\u00e1s; Planejamento Energ\u00e9tico e Energia El\u00e9trica serviu para apresentar ao suecos o modelo da matriz energ\u00e9tica brasileira e os investimentos feitos em diversas \u00e1reas, como no setor petrol\u00edfero.<\/p>\n","protected":false},"excerpt":{"rendered":"<p>Uma delega\u00e7\u00e3o da Su\u00e9cia formada por membros do governo e empresas privadas visitou o Minist\u00e9rio de Minas e Energia (MME) nesta segunda-feira (16) para conhecer os diferentes setores de atua\u00e7\u00e3o do MME. O encontro, que contou a participa\u00e7\u00e3o dos secret\u00e1rios das pastas de Geologia e Transforma\u00e7\u00e3o Mineral; Petr\u00f3leo e G\u00e1s; Planejamento Energ\u00e9tico e Energia El\u00e9trica [&hellip;]<\/p>\n","protected":false},"author":2,"featured_media":0,"comment_status":"open","ping_status":"open","sticky":false,"template":"","format":"standard","meta":{"footnotes":""},"categories":[31],"tags":[],"class_list":["post-619","post","type-post","status-publish","format-standard","hentry","category-noticias-pormin"],"_links":{"self":[{"href":"http:\/\/redeaplmineral.org.br\/index.php?rest_route=\/wp\/v2\/posts\/619","targetHints":{"allow":["GET"]}}],"collection":[{"href":"http:\/\/redeaplmineral.org.br\/index.php?rest_route=\/wp\/v2\/posts"}],"about":[{"href":"http:\/\/redeaplmineral.org.br\/index.php?rest_route=\/wp\/v2\/types\/post"}],"author":[{"embeddable":true,"href":"http:\/\/redeaplmineral.org.br\/index.php?rest_route=\/wp\/v2\/users\/2"}],"replies":[{"embeddable":true,"href":"http:\/\/redeaplmineral.org.br\/index.php?rest_route=%2Fwp%2Fv2%2Fcomments&post=619"}],"version-history":[{"count":1,"href":"http:\/\/redeaplmineral.org.br\/index.php?rest_route=\/wp\/v2\/posts\/619\/revisions"}],"predecessor-version":[{"id":620,"href":"http:\/\/redeaplmineral.org.br\/index.php?rest_route=\/wp\/v2\/posts\/619\/revisions\/620"}],"wp:attachment":[{"href":"http:\/\/redeaplmineral.org.br\/index.php?rest_route=%2Fwp%2Fv2%2Fmedia&parent=619"}],"wp:term":[{"taxonomy":"category","embeddable":true,"href":"http:\/\/redeaplmineral.org.br\/index.php?rest_route=%2Fwp%2Fv2%2Fcategories&post=619"},{"taxonomy":"post_tag","embeddable":true,"href":"http:\/\/redeaplmineral.org.br\/index.php?rest_route=%2Fwp%2Fv2%2Ftags&post=619"}],"curies":[{"name":"wp","href":"https:\/\/api.w.org\/{rel}","templated":true}]}}