{"id":4559,"date":"2026-03-09T16:27:04","date_gmt":"2026-03-09T19:27:04","guid":{"rendered":"http:\/\/redeaplmineral.org.br\/?p=4559"},"modified":"2026-03-09T16:49:55","modified_gmt":"2026-03-09T19:49:55","slug":"premiacao-do-premio-melhores-praticas-em-apl-de-base-mineral-2025","status":"publish","type":"post","link":"http:\/\/redeaplmineral.org.br\/?p=4559","title":{"rendered":"Premia\u00e7\u00e3o do Pr\u00eamio Melhores Pr\u00e1ticas em APL de base mineral 2025"},"content":{"rendered":"\n<p>Na Cerim\u00f4nia de Premia\u00e7\u00e3o do Pr\u00eamio Melhores Pr\u00e1ticas em APL de base mineral 2025 foram apresentadas e premiadas as Pr\u00e1ticas vencedoras em 1\u00b0, 2\u00b0 e 3\u00b0 lugares do PMP APL Mineral 2025, que foram as seguintes:<\/p>\n\n\n\n<div class=\"wp-block-columns is-layout-flex wp-container-core-columns-is-layout-9d6595d7 wp-block-columns-is-layout-flex\">\n<div class=\"wp-block-column is-layout-flow wp-block-column-is-layout-flow\" style=\"flex-basis:15%\">\n<p class=\"has-luminous-vivid-amber-color has-text-color has-link-color has-medium-font-size wp-elements-b687ff7562d16e8d67306ffe150153ca\"><strong>1\u00ba Lugar\u00a0<\/strong><\/p>\n<\/div>\n\n\n\n<div class=\"wp-block-column is-layout-flow wp-block-column-is-layout-flow\" style=\"flex-basis:85%\">\n<p><em>T\u00edtulo<\/em><strong>:\u00a0 \u201cCentro de Tecnologia e Artefatos Minerais de Pedro II (CETAM)\u201d\u00a0<\/strong>\u00a0<\/p>\n\n\n\n<p><em>APL<\/em><strong>: <\/strong>Arranjo Produtivo da Opala do Piau\u00ed<\/p>\n\n\n\n<p><em>Tem\u00e1tica<\/em><strong>: <\/strong>Treinamento\/Capacita\u00e7\u00e3o<\/p>\n\n\n\n<p><em>Autores<\/em><strong>: <\/strong>sob a coordena\u00e7\u00e3o de Ge\u00f3logo e Prof. \u00c9rico Rodrigues Gomes, Coordenador do Arranj Produtivo da Opala\/Piau\u00ed e Professor do Instituro Federal de Educa\u00e7\u00e3o, C\u00eancia e Tecnologia do Piau\u00ed (IFPI Campus Teresina); Lilane de Ara\u00fajo Mendes Brand\u00e3o, Pesquisadora e Professora da Universidade Estadual do Piau\u00ed (UESPI); Tiago Soares da Silva, Pesquisador e Professor do IFPI Campus Valen\u00e7a; Clayton Robson Moreira Da Silva, Pesquisador e Professor do IFPI Campus Pedro II; e, Antonio M\u00e1rio de Oliveira Viana, Coordenador e Professor do CETAM.<\/p>\n<\/div>\n<\/div>\n\n\n\n<hr class=\"wp-block-separator has-alpha-channel-opacity\"\/>\n\n\n\n<div class=\"wp-block-columns is-layout-flex wp-container-core-columns-is-layout-9d6595d7 wp-block-columns-is-layout-flex\">\n<div class=\"wp-block-column is-layout-flow wp-block-column-is-layout-flow\" style=\"flex-basis:85%\">\n<p><em>T\u00edtulo<\/em><strong>: \u201cCOOGAL: Presente e Futuro da Minera\u00e7\u00e3o Respons\u00e1vel em Cooperativas da MAPE de Ouro\u201d\u00a0<\/strong><\/p>\n\n\n\n<p><em>APL<\/em><strong>: <\/strong>Arranjo Produtivo Ouro Verde do Amap\u00e1<\/p>\n\n\n\n<p><em>Tem\u00e1tica<\/em><strong>: <\/strong>Sustentabilidade, Governan\u00e7a e SST<\/p>\n\n\n\n<p><em>Autores<\/em><strong>: <\/strong>Prof. Giorgio de Tomi, do N\u00facleo de Pesquisa para a Pequena Minera\u00e7\u00e3o Respons\u00e1vel da Universidade de S\u00e3o Paulo (NAP.Minera\u00e7\u00e3o\/USP) e Giovanna de Melo Loredo, Engenheira de Minas, Pesquisadora do&nbsp; NAP.Minera\u00e7\u00e3o\/USP.<\/p>\n<\/div>\n\n\n\n<div class=\"wp-block-column is-layout-flow wp-block-column-is-layout-flow\" style=\"flex-basis:15%\">\n<p class=\"has-text-align-right has-cyan-bluish-gray-color has-text-color has-link-color has-medium-font-size wp-elements-b3ee5b70000241c17be69d1bb563eb73\"><strong>2\u00ba lugar\u00a0\u00a0<\/strong><\/p>\n<\/div>\n<\/div>\n\n\n\n<hr class=\"wp-block-separator has-alpha-channel-opacity\"\/>\n\n\n\n<div class=\"wp-block-columns is-layout-flex wp-container-core-columns-is-layout-9d6595d7 wp-block-columns-is-layout-flex\">\n<div class=\"wp-block-column is-layout-flow wp-block-column-is-layout-flow\" style=\"flex-basis:15%\">\n<p class=\"has-luminous-vivid-orange-color has-text-color has-link-color has-medium-font-size wp-elements-93cb3e1521a21796233ea27699ba9ab0\"><strong>3\u00ba lugar\u00a0<\/strong><\/p>\n<\/div>\n\n\n\n<div class=\"wp-block-column is-layout-flow wp-block-column-is-layout-flow\" style=\"flex-basis:85%\">\n<p><em>T\u00edtulo<\/em><strong>: &#8220;Ecossistema Cristalina 2040: Planejar o Longo Prazo e Criar o Futuro Desejado\u201d.<\/strong><\/p>\n\n\n\n<p><em>APL<\/em><strong>:&nbsp; <\/strong>Arranjo Produtivo APL de Gemas, Joias, Artesanato Mineral e Turismo de Cristalina &#8211; GO.<\/p>\n\n\n\n<p><em>Tem\u00e1tica<\/em><strong>: <\/strong>Gest\u00e3o e Governan\u00e7a.<\/p>\n\n\n\n<p><em>Autores<\/em>:&nbsp; Willian Francisco Souto, Coordenador do Projeto Cristalina 2040 e Vice-presidente da Associa\u00e7\u00e3o dos Artes\u00e3os, Garimpeiros e Mineradores de Cristalina (AAC); Gabriel P de Souza, Presidente da AAC,&nbsp; Clarice M O Kobayashi, Conselheira Fiscal do Instituto Prospectiva (INSPRO); e, Sumaya S A C Neves, Conselheira Fiscal do INSPRO.<\/p>\n<\/div>\n<\/div>\n\n\n\n<hr class=\"wp-block-separator has-alpha-channel-opacity\"\/>\n\n\n\n<p><\/p>\n","protected":false},"excerpt":{"rendered":"<p>Na Cerim\u00f4nia de Premia\u00e7\u00e3o do Pr\u00eamio Melhores Pr\u00e1ticas em APL de base mineral 2025 foram apresentadas e premiadas as Pr\u00e1ticas vencedoras em 1\u00b0, 2\u00b0 e 3\u00b0 lugares do PMP APL Mineral 2025, que foram as seguintes: 1\u00ba Lugar\u00a0 T\u00edtulo:\u00a0 \u201cCentro de Tecnologia e Artefatos Minerais de Pedro II (CETAM)\u201d\u00a0\u00a0 APL: Arranjo Produtivo da Opala do [&hellip;]<\/p>\n","protected":false},"author":3,"featured_media":4509,"comment_status":"open","ping_status":"open","sticky":false,"template":"","format":"standard","meta":{"footnotes":""},"categories":[22,10,13],"tags":[],"class_list":["post-4559","post","type-post","status-publish","format-standard","has-post-thumbnail","hentry","category-noticias-2","category-noticias","category-premio-melhores-praticas"],"_links":{"self":[{"href":"http:\/\/redeaplmineral.org.br\/index.php?rest_route=\/wp\/v2\/posts\/4559","targetHints":{"allow":["GET"]}}],"collection":[{"href":"http:\/\/redeaplmineral.org.br\/index.php?rest_route=\/wp\/v2\/posts"}],"about":[{"href":"http:\/\/redeaplmineral.org.br\/index.php?rest_route=\/wp\/v2\/types\/post"}],"author":[{"embeddable":true,"href":"http:\/\/redeaplmineral.org.br\/index.php?rest_route=\/wp\/v2\/users\/3"}],"replies":[{"embeddable":true,"href":"http:\/\/redeaplmineral.org.br\/index.php?rest_route=%2Fwp%2Fv2%2Fcomments&post=4559"}],"version-history":[{"count":2,"href":"http:\/\/redeaplmineral.org.br\/index.php?rest_route=\/wp\/v2\/posts\/4559\/revisions"}],"predecessor-version":[{"id":4561,"href":"http:\/\/redeaplmineral.org.br\/index.php?rest_route=\/wp\/v2\/posts\/4559\/revisions\/4561"}],"wp:featuredmedia":[{"embeddable":true,"href":"http:\/\/redeaplmineral.org.br\/index.php?rest_route=\/wp\/v2\/media\/4509"}],"wp:attachment":[{"href":"http:\/\/redeaplmineral.org.br\/index.php?rest_route=%2Fwp%2Fv2%2Fmedia&parent=4559"}],"wp:term":[{"taxonomy":"category","embeddable":true,"href":"http:\/\/redeaplmineral.org.br\/index.php?rest_route=%2Fwp%2Fv2%2Fcategories&post=4559"},{"taxonomy":"post_tag","embeddable":true,"href":"http:\/\/redeaplmineral.org.br\/index.php?rest_route=%2Fwp%2Fv2%2Ftags&post=4559"}],"curies":[{"name":"wp","href":"https:\/\/api.w.org\/{rel}","templated":true}]}}