{"id":4525,"date":"2026-03-09T11:47:20","date_gmt":"2026-03-09T14:47:20","guid":{"rendered":"http:\/\/redeaplmineral.org.br\/?p=4525"},"modified":"2026-03-09T16:21:32","modified_gmt":"2026-03-09T19:21:32","slug":"lancamento-do-relatorio-de-planejamento-para-industrias-de-ceramica-vermelha-da-regiao-do-morro-da-fumaca-sc","status":"publish","type":"post","link":"http:\/\/redeaplmineral.org.br\/?p=4525","title":{"rendered":"Lan\u00e7amento do relat\u00f3rio de Planejamento para Ind\u00fastrias de Cer\u00e2mica Vermelha da Regi\u00e3o do Morro da Fuma\u00e7a (SC)"},"content":{"rendered":"\n<p>Baixe aqui o relat\u00f3rio: <a href=\"https:\/\/lnkd.in\/gqsZE55t\">https:\/\/lnkd.in\/gqsZE55t<\/a><\/p>\n\n\n\n<figure class=\"wp-block-image size-large is-resized\"><img loading=\"lazy\" decoding=\"async\" width=\"1024\" height=\"768\" src=\"http:\/\/redeaplmineral.org.br\/wp-content\/uploads\/2026\/03\/eventomorrofumaca02-1024x768.png\" alt=\"\" class=\"wp-image-4530\" style=\"width:812px;height:auto\"\/><\/figure>\n\n\n\n<p class=\"has-medium-font-size\">\ud835\udddc\ud835\udde1\ud835\udde7 \ud835\uddf2 \ud835\udddc\ud835\uddfb\ud835\ude00\ud835\uddfd\ud835\uddff\ud835\uddfc \ud835\uddf9\ud835\uddee\ud835\uddfb\u00e7\ud835\uddee\ud835\uddfa \ud835\uddff\ud835\uddf2\ud835\uddf9\ud835\uddee\ud835\ude01\u00f3\ud835\uddff\ud835\uddf6\ud835\uddfc \ud835\uddf1\ud835\uddf2 \ud835\udde3\ud835\uddf9\ud835\uddee\ud835\uddfb\ud835\uddf2\ud835\uddf7\ud835\uddee\ud835\uddfa\ud835\uddf2\ud835\uddfb\ud835\ude01\ud835\uddfc \ud835\uddfd\ud835\uddee\ud835\uddff\ud835\uddee \ud835\udddc\ud835\uddfb\ud835\uddf1\u00fa\ud835\ude00\ud835\ude01\ud835\uddff\ud835\uddf6\ud835\uddee\ud835\ude00 \ud835\uddd6\ud835\uddf2\ud835\uddff\u00e2\ud835\uddfa\ud835\uddf6\ud835\uddf0\ud835\uddee\ud835\ude00 \ud835\uddf1\ud835\uddee \ud835\udde5\ud835\uddf2\ud835\uddf4\ud835\uddf6\u00e3\ud835\uddfc \ud835\uddf1\ud835\uddfc \ud835\udde0\ud835\uddfc\ud835\uddff\ud835\uddff\ud835\uddfc \ud835\uddf1\ud835\uddee \ud835\uddd9\ud835\ude02\ud835\uddfa\ud835\uddee\u00e7\ud835\uddee (\ud835\udde6\ud835\uddd6)<br><br>T\u00e9cnicos do Instituto Nacional de Tecnologia (INT) e do INSPRO &#8211; Instituto Prospectiva estiveram no Morro da Fuma\u00e7a (SC), na ter\u00e7a-feira (03\/03\/2026), lan\u00e7ando \u043e relat\u00f3rio de &#8220;Planejamento de Longo Prazo do Arranjo Produtivo Local (APL) de Cer\u00e2mica Vermelha&#8221; voltado ao APL da regi\u00e3o,\u00a0que envolve v\u00e1rios munic\u00edpios. O projeto \u00e9 coordenado pelo INT em parceria com o Inspro e financiado pelo Minist\u00e9rio da Ci\u00eancia, Tecnologia e Inova\u00e7\u00e3o (MCTI), por meio da Secretaria de Desenvolvimento Tecnol\u00f3gico e Inova\u00e7\u00e3o, contando com o apoio do Sindicato da Ind\u00fastria Cer\u00e2mica de Morro da Fuma\u00e7a (Sindicer MF) e da Universidade do Extremo Sul Catarinense (UNESC).<\/p>\n\n\n\n<div class=\"wp-block-group is-nowrap is-layout-flex wp-container-core-group-is-layout-ad2f72ca wp-block-group-is-layout-flex\">\n<div class=\"wp-block-media-text is-stacked-on-mobile\" style=\"grid-template-columns:38% auto\"><figure class=\"wp-block-media-text__media\"><img loading=\"lazy\" decoding=\"async\" width=\"683\" height=\"1024\" src=\"http:\/\/redeaplmineral.org.br\/wp-content\/uploads\/2026\/03\/eventomorrofumaca01-e1773067527449-edited-683x1024.png\" alt=\"\" class=\"wp-image-4546 size-full\" srcset=\"http:\/\/redeaplmineral.org.br\/wp-content\/uploads\/2026\/03\/eventomorrofumaca01-e1773067527449-edited-683x1024.png 683w, http:\/\/redeaplmineral.org.br\/wp-content\/uploads\/2026\/03\/eventomorrofumaca01-e1773067527449-edited-200x300.png 200w, http:\/\/redeaplmineral.org.br\/wp-content\/uploads\/2026\/03\/eventomorrofumaca01-e1773067527449-edited-768x1152.png 768w, http:\/\/redeaplmineral.org.br\/wp-content\/uploads\/2026\/03\/eventomorrofumaca01-e1773067527449-edited-400x600.png 400w, http:\/\/redeaplmineral.org.br\/wp-content\/uploads\/2026\/03\/eventomorrofumaca01-e1773067527449-edited.png 889w\" sizes=\"auto, (max-width: 683px) 100vw, 683px\" \/><\/figure><div class=\"wp-block-media-text__content\">\n<p>Representou o INT, o tecnologista Augusto Rodrigues, da Divis\u00e3o de Avalia\u00e7\u00f5es e Processos Industriais (DIAPI). Estiveram presentes representantes do MCTI, FIESC, SENAI, UNESC, SEBRAE, \u0421\u041e\u0420\u0415\u041c\u0406, CEMISO al\u00e9m dos ceramistas. Na ocasi\u00e3o, foram apresentados os projetos detalhados para os pr\u00f3ximos 20 anos do setor e enfatizada a forma\u00e7\u00e3o da governan\u00e7a local para a transforma\u00e7\u00e3o do setor com inova\u00e7\u00e3o.<\/p>\n<\/div><\/div>\n<\/div>\n\n\n\n<p><\/p>\n\n\n\n<div class=\"wp-block-columns is-layout-flex wp-container-core-columns-is-layout-9d6595d7 wp-block-columns-is-layout-flex\">\n<div class=\"wp-block-column is-layout-flow wp-block-column-is-layout-flow\">\n<figure class=\"wp-block-image size-large\"><img loading=\"lazy\" decoding=\"async\" width=\"1024\" height=\"461\" src=\"http:\/\/redeaplmineral.org.br\/wp-content\/uploads\/2026\/03\/eventomorrofumaca04-1024x461.png\" alt=\"\" class=\"wp-image-4528\"\/><\/figure>\n<\/div>\n\n\n\n<div class=\"wp-block-column is-layout-flow wp-block-column-is-layout-flow\">\n<figure class=\"wp-block-image size-large\"><img loading=\"lazy\" decoding=\"async\" width=\"1024\" height=\"461\" src=\"http:\/\/redeaplmineral.org.br\/wp-content\/uploads\/2026\/03\/eventomorrofumaca05-1024x461.png\" alt=\"\" class=\"wp-image-4527\"\/><\/figure>\n<\/div>\n<\/div>\n","protected":false},"excerpt":{"rendered":"<p>Baixe aqui o relat\u00f3rio: https:\/\/lnkd.in\/gqsZE55t \ud835\udddc\ud835\udde1\ud835\udde7 \ud835\uddf2 \ud835\udddc\ud835\uddfb\ud835\ude00\ud835\uddfd\ud835\uddff\ud835\uddfc \ud835\uddf9\ud835\uddee\ud835\uddfb\u00e7\ud835\uddee\ud835\uddfa \ud835\uddff\ud835\uddf2\ud835\uddf9\ud835\uddee\ud835\ude01\u00f3\ud835\uddff\ud835\uddf6\ud835\uddfc \ud835\uddf1\ud835\uddf2 \ud835\udde3\ud835\uddf9\ud835\uddee\ud835\uddfb\ud835\uddf2\ud835\uddf7\ud835\uddee\ud835\uddfa\ud835\uddf2\ud835\uddfb\ud835\ude01\ud835\uddfc \ud835\uddfd\ud835\uddee\ud835\uddff\ud835\uddee \ud835\udddc\ud835\uddfb\ud835\uddf1\u00fa\ud835\ude00\ud835\ude01\ud835\uddff\ud835\uddf6\ud835\uddee\ud835\ude00 \ud835\uddd6\ud835\uddf2\ud835\uddff\u00e2\ud835\uddfa\ud835\uddf6\ud835\uddf0\ud835\uddee\ud835\ude00 \ud835\uddf1\ud835\uddee \ud835\udde5\ud835\uddf2\ud835\uddf4\ud835\uddf6\u00e3\ud835\uddfc \ud835\uddf1\ud835\uddfc \ud835\udde0\ud835\uddfc\ud835\uddff\ud835\uddff\ud835\uddfc \ud835\uddf1\ud835\uddee \ud835\uddd9\ud835\ude02\ud835\uddfa\ud835\uddee\u00e7\ud835\uddee (\ud835\udde6\ud835\uddd6) T\u00e9cnicos do Instituto Nacional de Tecnologia (INT) e do INSPRO &#8211; Instituto Prospectiva estiveram no Morro da Fuma\u00e7a (SC), na ter\u00e7a-feira (03\/03\/2026), lan\u00e7ando \u043e relat\u00f3rio de &#8220;Planejamento de Longo Prazo do Arranjo Produtivo [&hellip;]<\/p>\n","protected":false},"author":3,"featured_media":4529,"comment_status":"open","ping_status":"open","sticky":false,"template":"","format":"standard","meta":{"footnotes":""},"categories":[21,8,22,10],"tags":[],"class_list":["post-4525","post","type-post","status-publish","format-standard","has-post-thumbnail","hentry","category-eventos-2","category-eventos","category-noticias-2","category-noticias"],"_links":{"self":[{"href":"http:\/\/redeaplmineral.org.br\/index.php?rest_route=\/wp\/v2\/posts\/4525","targetHints":{"allow":["GET"]}}],"collection":[{"href":"http:\/\/redeaplmineral.org.br\/index.php?rest_route=\/wp\/v2\/posts"}],"about":[{"href":"http:\/\/redeaplmineral.org.br\/index.php?rest_route=\/wp\/v2\/types\/post"}],"author":[{"embeddable":true,"href":"http:\/\/redeaplmineral.org.br\/index.php?rest_route=\/wp\/v2\/users\/3"}],"replies":[{"embeddable":true,"href":"http:\/\/redeaplmineral.org.br\/index.php?rest_route=%2Fwp%2Fv2%2Fcomments&post=4525"}],"version-history":[{"count":17,"href":"http:\/\/redeaplmineral.org.br\/index.php?rest_route=\/wp\/v2\/posts\/4525\/revisions"}],"predecessor-version":[{"id":4558,"href":"http:\/\/redeaplmineral.org.br\/index.php?rest_route=\/wp\/v2\/posts\/4525\/revisions\/4558"}],"wp:featuredmedia":[{"embeddable":true,"href":"http:\/\/redeaplmineral.org.br\/index.php?rest_route=\/wp\/v2\/media\/4529"}],"wp:attachment":[{"href":"http:\/\/redeaplmineral.org.br\/index.php?rest_route=%2Fwp%2Fv2%2Fmedia&parent=4525"}],"wp:term":[{"taxonomy":"category","embeddable":true,"href":"http:\/\/redeaplmineral.org.br\/index.php?rest_route=%2Fwp%2Fv2%2Fcategories&post=4525"},{"taxonomy":"post_tag","embeddable":true,"href":"http:\/\/redeaplmineral.org.br\/index.php?rest_route=%2Fwp%2Fv2%2Ftags&post=4525"}],"curies":[{"name":"wp","href":"https:\/\/api.w.org\/{rel}","templated":true}]}}