{"id":3854,"date":"2022-11-14T11:16:17","date_gmt":"2022-11-14T14:16:17","guid":{"rendered":"http:\/\/redeaplmineral.org.br\/?p=3854"},"modified":"2023-05-03T16:49:54","modified_gmt":"2023-05-03T19:49:54","slug":"premio-melhores-praticas-2022","status":"publish","type":"post","link":"http:\/\/redeaplmineral.org.br\/?p=3854","title":{"rendered":"Pr\u00eamio Melhores Pr\u00e1ticas &#8211; Edi\u00e7\u00e3o 2022"},"content":{"rendered":"\n<hr class=\"wp-block-separator is-style-wide\"\/>\n\n\n\n<hr class=\"wp-block-separator is-style-wide\"\/>\n\n\n\n<p class=\"has-text-align-center has-huge-font-size\"><strong><span class=\"has-inline-color has-luminous-vivid-amber-color\">1\u00ba Lugar<\/span><\/strong><\/p>\n\n\n\n<figure class=\"wp-block-gallery columns-1 is-cropped wp-block-gallery-1 is-layout-flex wp-block-gallery-is-layout-flex\"><ul class=\"blocks-gallery-grid\"><li class=\"blocks-gallery-item\"><figure><img loading=\"lazy\" decoding=\"async\" width=\"918\" height=\"66\" src=\"http:\/\/redeaplmineral.org.br\/wp-content\/uploads\/2023\/04\/img-00-1.png\" alt=\"\" data-id=\"4138\" data-full-url=\"http:\/\/redeaplmineral.org.br\/wp-content\/uploads\/2023\/04\/img-00-1.png\" data-link=\"http:\/\/redeaplmineral.org.br\/?attachment_id=4138\" class=\"wp-image-4138\" srcset=\"http:\/\/redeaplmineral.org.br\/wp-content\/uploads\/2023\/04\/img-00-1.png 918w, http:\/\/redeaplmineral.org.br\/wp-content\/uploads\/2023\/04\/img-00-1-300x22.png 300w, http:\/\/redeaplmineral.org.br\/wp-content\/uploads\/2023\/04\/img-00-1-768x55.png 768w\" sizes=\"auto, (max-width: 918px) 100vw, 918px\" \/><\/figure><\/li><\/ul><\/figure>\n\n\n\n<p style=\"font-size:23px\"><strong>DESENVOLVIMENTO SUSTENT\u00c1VEL DO ARRANJO PRODUTIVO LOCAL DE ROCHAS ORNAMENTAIS POR MEIO DA NORMATIZA\u00c7\u00c3O DO USO DOS FINOS DO BENEFICIAMENTO (FIBRO) EM MATERIAIS DE CONSTRU\u00c7\u00c3O CIVIL, SEGUNDO O MODELO DE ECONOMIA CIRCULAR <\/strong><\/p>\n\n\n\n<p style=\"font-size:12px\">Monica Castoldi Borlini Gadioli (1) , Francisco Wilson Hollanda Vidal (2) , Mariane Costalonga de Aguiar (3) , Kayrone Marvila de Almeida (4) , Geilma Lima Vieira (5) , Maria Ang\u00e9lica Kramer Sant\u2019Anna (6) e Carlos Maur\u00edcio Fontes Vieira (7)<br>1, 2, 3, 4, 5, 6, 7 &#8211; APL de Rochas Ornamentais do Esp\u00edrito Santo, Cachoeiro de Itapemirim, ES, Brasil  &#8211;  mborlini@cetem.gov.br, fwhollanda@gmail.com; maguiar@cetem.gov.br;  kayronemarvila@gmail.com; mariaangelicaks@gmail.com; geilma.vieira@gmail.com;  vieira@uenf.br.<\/p>\n\n\n\n<div class=\"wp-block-columns is-layout-flex wp-container-core-columns-is-layout-9d6595d7 wp-block-columns-is-layout-flex\">\n<div class=\"wp-block-column is-layout-flow wp-block-column-is-layout-flow\">\n<p class=\"has-large-font-size\"><strong><span style=\"color:#173f20\" class=\"has-inline-color\">Sobre o APL<\/span><\/strong><\/p>\n<\/div>\n<\/div>\n\n\n\n<div class=\"wp-block-columns is-layout-flex wp-container-core-columns-is-layout-9d6595d7 wp-block-columns-is-layout-flex\">\n<div class=\"wp-block-column is-layout-flow wp-block-column-is-layout-flow\">\n<p>Segundo a ABIROCHAS (2021) as exporta\u00e7\u00f5es brasileiras de materiais rochosos naturais somaram US 1,34 bilh\u00e3o e 2,40 Mt em 2021. O Esp\u00edrito Santo \u00e9 o estado que fica em destaque como um dos maiores produtores no Pa\u00eds. A maior parte da produ\u00e7\u00e3o de rochas ornamentais se encontra na regi\u00e3o Sudeste do Brasil.  Segundo ABIROCHAS (2020) o Esp\u00edrito Santo \u00e9 respons\u00e1vel por cerca de 40% da produ\u00e7\u00e3o e por 80% da exporta\u00e7\u00e3o brasileira de rochas ornamentais.<\/p>\n\n\n\n<p>Na transforma\u00e7\u00e3o do bloco em chapas na serraria s\u00e3o produzidos os res\u00edduos finos do beneficiamento, que chamamos de FIBRO, gerando um passivo de 26% em volume de bloco. \u00c9 estimado que no Brasil s\u00e3o gerados anualmente cerca de 2,5 milh\u00f5es de toneladas de res\u00edduos finos, dos quais somente no Estado do Esp\u00edrito Santo s\u00e3o depositados em aterros associativos e particulares 2,0 milh\u00f5es de toneladas. Assim, \u00e9 estimado que no Brasil foram gerados nos \u00faltimos 10 anos mais de 25 milh\u00f5es de toneladas dos res\u00edduos finos. Al\u00e9m da quantidade consider\u00e1vel, o problema agrava-se visto que a maioria das ind\u00fastrias n\u00e3o gerencia corretamente o manejo de seus res\u00edduos. Desde meados da d\u00e9cada de 1990 estudos a respeito da utiliza\u00e7\u00e3o dos res\u00edduos gerados nos processos de beneficiamento das rochas ornamentais v\u00eam sendo conduzidos a fim de analisar os produtos gerados com esse material (CALMON et al 1997) que \u00e9 descartado a altos custos em aterros industriais.<\/p>\n<\/div>\n<\/div>\n\n\n\n<p class=\"has-large-font-size\">Descri\u00e7\u00e3o da Pr\u00e1tica<br><\/p>\n\n\n\n<p>O estado do Esp\u00edrito Santo \u00e9 conhecido mundialmente pela alta produ\u00e7\u00e3o e  exporta\u00e7\u00e3o de rochas ornamentais. A etapa de beneficiamento das  ind\u00fastrias de rochas ornamentais brasileira gera grandes quantidades de  res\u00edduos finos anualmente. \u00c9 estimado que no Brasil s\u00e3o geradas 2,5 milh\u00f5es  de toneladas por ano. O Esp\u00edrito Santo \u00e9 respons\u00e1vel por cerca de 2 milh\u00f5es  de toneladas, que de acordo com esta estimativa durante os \u00faltimos 10 anos  foram gerados pelas ind\u00fastrias de rochas ornamentais capixabas cerca de  20 milh\u00f5es de toneladas. Os res\u00edduos s\u00e3o depositados em aterros,  associativos e particulares, que em geral, at\u00e9 o momento existe apenas  estudos para o aproveitamento dos mesmos, por\u00e9m ainda n\u00e3o foram  normatizados Esses res\u00edduos s\u00e3o uma preocupa\u00e7\u00e3o para os \u00f3rg\u00e3os  ambientais, sejam federal e\/ou estadual. Foram mapeadas as ind\u00fastrias de  cer\u00e2mica vermelha, concreto e empresas de rochas ornamentais para  atestar a log\u00edstica de proximidade entre elas e comprovar o uso do res\u00edduo  sem a necessidade de transporte em grandes dist\u00e2ncias. Os testes industriais  realizados mostraram que o res\u00edduo pode ser sim utilizado nos artefatos de  cer\u00e2mica e concreto. De acordo com o objetivo principal do projeto foram  elaboradas duas propostas de instru\u00e7\u00f5es normativas para a utiliza\u00e7\u00e3o dos  res\u00edduos, sendo uma para a utiliza\u00e7\u00e3o em cer\u00e2mica e outra em concreto.<\/p>\n\n\n\n<p><\/p>\n\n\n\n<p class=\"has-large-font-size\">Resultados da Aplica\u00e7\u00e3o da Pr\u00e1tica<\/p>\n\n\n\n<figure class=\"wp-block-gallery columns-3 is-cropped wp-block-gallery-2 is-layout-flex wp-block-gallery-is-layout-flex\"><ul class=\"blocks-gallery-grid\"><li class=\"blocks-gallery-item\"><figure><img loading=\"lazy\" decoding=\"async\" width=\"693\" height=\"546\" src=\"http:\/\/redeaplmineral.org.br\/wp-content\/uploads\/2023\/04\/img-01.png\" alt=\"\" data-id=\"4123\" data-full-url=\"http:\/\/redeaplmineral.org.br\/wp-content\/uploads\/2023\/04\/img-01.png\" data-link=\"http:\/\/redeaplmineral.org.br\/?attachment_id=4123\" class=\"wp-image-4123\" srcset=\"http:\/\/redeaplmineral.org.br\/wp-content\/uploads\/2023\/04\/img-01.png 693w, http:\/\/redeaplmineral.org.br\/wp-content\/uploads\/2023\/04\/img-01-300x236.png 300w\" sizes=\"auto, (max-width: 693px) 100vw, 693px\" \/><\/figure><\/li><li class=\"blocks-gallery-item\"><figure><img loading=\"lazy\" decoding=\"async\" width=\"693\" height=\"546\" src=\"http:\/\/redeaplmineral.org.br\/wp-content\/uploads\/2023\/04\/img-02.png\" alt=\"\" data-id=\"4124\" data-full-url=\"http:\/\/redeaplmineral.org.br\/wp-content\/uploads\/2023\/04\/img-02.png\" data-link=\"http:\/\/redeaplmineral.org.br\/?attachment_id=4124\" class=\"wp-image-4124\" srcset=\"http:\/\/redeaplmineral.org.br\/wp-content\/uploads\/2023\/04\/img-02.png 693w, http:\/\/redeaplmineral.org.br\/wp-content\/uploads\/2023\/04\/img-02-300x236.png 300w\" sizes=\"auto, (max-width: 693px) 100vw, 693px\" \/><\/figure><\/li><li class=\"blocks-gallery-item\"><figure><img loading=\"lazy\" decoding=\"async\" width=\"721\" height=\"480\" src=\"http:\/\/redeaplmineral.org.br\/wp-content\/uploads\/2023\/04\/img-03.png\" alt=\"\" data-id=\"4125\" data-full-url=\"http:\/\/redeaplmineral.org.br\/wp-content\/uploads\/2023\/04\/img-03.png\" data-link=\"http:\/\/redeaplmineral.org.br\/?attachment_id=4125\" class=\"wp-image-4125\" srcset=\"http:\/\/redeaplmineral.org.br\/wp-content\/uploads\/2023\/04\/img-03.png 721w, http:\/\/redeaplmineral.org.br\/wp-content\/uploads\/2023\/04\/img-03-300x200.png 300w\" sizes=\"auto, (max-width: 721px) 100vw, 721px\" \/><\/figure><\/li><\/ul><\/figure>\n\n\n\n<p>O mapeamento das ind\u00fastrias de cer\u00e2mica vermelha, concreto e empresas  beneficiadoras de rochas ornamentais, mostrou que existe uma \u00f3tima  log\u00edstica de proximidade entre elas. Portanto existe sim a possibilidade de  usar o res\u00edduo sem obter um gasto a mais com transporte. O estudo ainda  contabilizou que existe no Esp\u00edrito Santo 61 ind\u00fastrias de cer\u00e2mica  vermelha em atividade, 42 aterros de res\u00edduos de rochas ornamentais.  Foram levantadas as principais e maiores empresas de rochas ornamentais  e ind\u00fastrias de artefatos cer\u00e2micos. Vale ressaltar que n\u00e3o \u00e9 o valor total,  apenas as maiores. O resultado mostrou que o Estado possui  aproximadamente 85 empresas beneficiadoras e 33 ind\u00fastrias de artefatos  de concreto levantadas para estudo. <\/p>\n\n\n\n<figure class=\"wp-block-gallery columns-2 is-cropped wp-block-gallery-3 is-layout-flex wp-block-gallery-is-layout-flex\"><ul class=\"blocks-gallery-grid\"><li class=\"blocks-gallery-item\"><figure><img loading=\"lazy\" decoding=\"async\" width=\"742\" height=\"1024\" src=\"http:\/\/redeaplmineral.org.br\/wp-content\/uploads\/2023\/04\/img-04-742x1024.png\" alt=\"\" data-id=\"4126\" data-full-url=\"http:\/\/redeaplmineral.org.br\/wp-content\/uploads\/2023\/04\/img-04.png\" data-link=\"http:\/\/redeaplmineral.org.br\/?attachment_id=4126\" class=\"wp-image-4126\" srcset=\"http:\/\/redeaplmineral.org.br\/wp-content\/uploads\/2023\/04\/img-04-742x1024.png 742w, http:\/\/redeaplmineral.org.br\/wp-content\/uploads\/2023\/04\/img-04-217x300.png 217w, http:\/\/redeaplmineral.org.br\/wp-content\/uploads\/2023\/04\/img-04-768x1060.png 768w, http:\/\/redeaplmineral.org.br\/wp-content\/uploads\/2023\/04\/img-04.png 1039w\" sizes=\"auto, (max-width: 742px) 100vw, 742px\" \/><\/figure><\/li><li class=\"blocks-gallery-item\"><figure><img loading=\"lazy\" decoding=\"async\" width=\"552\" height=\"760\" src=\"http:\/\/redeaplmineral.org.br\/wp-content\/uploads\/2023\/04\/img-05.png\" alt=\"\" data-id=\"4127\" data-full-url=\"http:\/\/redeaplmineral.org.br\/wp-content\/uploads\/2023\/04\/img-05.png\" data-link=\"http:\/\/redeaplmineral.org.br\/?attachment_id=4127\" class=\"wp-image-4127\" srcset=\"http:\/\/redeaplmineral.org.br\/wp-content\/uploads\/2023\/04\/img-05.png 552w, http:\/\/redeaplmineral.org.br\/wp-content\/uploads\/2023\/04\/img-05-218x300.png 218w\" sizes=\"auto, (max-width: 552px) 100vw, 552px\" \/><\/figure><\/li><\/ul><\/figure>\n\n\n\n<p>Os testes industriais realizados, utilizando os res\u00edduos na massa cer\u00e2mica,  mostraram que possui viabilidade para aplica\u00e7\u00e3o. Os dados analisados  foram positivos, o melhor resultado foi com a incorpora\u00e7\u00e3o de 20% de  res\u00edduo na massa cer\u00e2mica. O produto final foi submetido a an\u00e1lise  ambiental, sendo demonstrado que n\u00e3o \u00e9 perigoso para a sa\u00fade humana. Os  dados analisados contribu\u00edram na elabora\u00e7\u00e3o da instru\u00e7\u00e3o normativa. As duas instru\u00e7\u00f5es normativas elaboradas, uma para o uso dos res\u00edduos em<br>cer\u00e2mica e a outra para uso em concreto, ajudaram para entender melhor como utilizar o res\u00edduo e quais procedimentos seguir.<\/p>\n\n\n\n<p class=\"has-large-font-size\">Conclus\u00f5es<\/p>\n\n\n\n<figure class=\"wp-block-gallery columns-3 is-cropped wp-block-gallery-4 is-layout-flex wp-block-gallery-is-layout-flex\"><ul class=\"blocks-gallery-grid\"><li class=\"blocks-gallery-item\"><figure><img loading=\"lazy\" decoding=\"async\" width=\"768\" height=\"1024\" src=\"http:\/\/redeaplmineral.org.br\/wp-content\/uploads\/2023\/04\/img-06-768x1024.png\" alt=\"\" data-id=\"4128\" data-full-url=\"http:\/\/redeaplmineral.org.br\/wp-content\/uploads\/2023\/04\/img-06.png\" data-link=\"http:\/\/redeaplmineral.org.br\/?attachment_id=4128\" class=\"wp-image-4128\" srcset=\"http:\/\/redeaplmineral.org.br\/wp-content\/uploads\/2023\/04\/img-06-768x1024.png 768w, http:\/\/redeaplmineral.org.br\/wp-content\/uploads\/2023\/04\/img-06-225x300.png 225w, http:\/\/redeaplmineral.org.br\/wp-content\/uploads\/2023\/04\/img-06.png 960w\" sizes=\"auto, (max-width: 768px) 100vw, 768px\" \/><\/figure><\/li><li class=\"blocks-gallery-item\"><figure><img loading=\"lazy\" decoding=\"async\" width=\"892\" height=\"960\" src=\"http:\/\/redeaplmineral.org.br\/wp-content\/uploads\/2023\/04\/img-07.png\" alt=\"\" data-id=\"4129\" data-full-url=\"http:\/\/redeaplmineral.org.br\/wp-content\/uploads\/2023\/04\/img-07.png\" data-link=\"http:\/\/redeaplmineral.org.br\/?attachment_id=4129\" class=\"wp-image-4129\" srcset=\"http:\/\/redeaplmineral.org.br\/wp-content\/uploads\/2023\/04\/img-07.png 892w, http:\/\/redeaplmineral.org.br\/wp-content\/uploads\/2023\/04\/img-07-279x300.png 279w, http:\/\/redeaplmineral.org.br\/wp-content\/uploads\/2023\/04\/img-07-768x827.png 768w\" sizes=\"auto, (max-width: 892px) 100vw, 892px\" \/><\/figure><\/li><li class=\"blocks-gallery-item\"><figure><img loading=\"lazy\" decoding=\"async\" width=\"665\" height=\"500\" src=\"http:\/\/redeaplmineral.org.br\/wp-content\/uploads\/2023\/04\/img-08.png\" alt=\"\" data-id=\"4130\" data-full-url=\"http:\/\/redeaplmineral.org.br\/wp-content\/uploads\/2023\/04\/img-08.png\" data-link=\"http:\/\/redeaplmineral.org.br\/?attachment_id=4130\" class=\"wp-image-4130\" srcset=\"http:\/\/redeaplmineral.org.br\/wp-content\/uploads\/2023\/04\/img-08.png 665w, http:\/\/redeaplmineral.org.br\/wp-content\/uploads\/2023\/04\/img-08-300x226.png 300w, http:\/\/redeaplmineral.org.br\/wp-content\/uploads\/2023\/04\/img-08-136x102.png 136w\" sizes=\"auto, (max-width: 665px) 100vw, 665px\" \/><\/figure><\/li><\/ul><\/figure>\n\n\n\n<p>Os testes industriais foram satisfat\u00f3rios. O produto criado utilizando res\u00edduos de rochas ornamentais apresentou em alguns casos maior  resist\u00eancia e menor absor\u00e7\u00e3o de \u00e1gua do que o produto sem o res\u00edduo. Isso devido os res\u00edduos melhorarem a plasticidade da massa cer\u00e2mica e  atuarem como fundentes durante o processo de queima do artefato <br>cer\u00e2mico. Com a incorpora\u00e7\u00e3o dos res\u00edduos e a temperatura de queima  mais elevada, foi poss\u00edvel observar um melhoramento nas propriedades  tecnol\u00f3gicas das pe\u00e7as cer\u00e2micas. Isto ficou comprovado que em  temperaturas mais elevadas e com o incremento dos res\u00edduos, as   propriedades tecnol\u00f3gicas obtiveram uma melhora significativa, <br>consequentemente, h\u00e1 uma melhoria no produto, tornando o mais  competitivo no mercado. Por fim, foram elaboradas duas instru\u00e7\u00f5es  normativas em parceria com o IEMA, para determinar os padr\u00f5es e caracter\u00edsticas espec\u00edficas para a utiliza\u00e7\u00e3o dos res\u00edduos finos do  beneficiamento de rochas ornamentais em artefatos de cer\u00e2mica vermelha  e concreto. As instru\u00e7\u00f5es normativas colaborar\u00e3o para o uso sustent\u00e1vel dos  res\u00edduos e para a inser\u00e7\u00e3o do APL na economia circular. Estes documentos  ser\u00e3o publicados e estar\u00e3o dispon\u00edveis para toda a comunidade t\u00e9cnica e  cient\u00edfica, bem como para os profissionais e empres\u00e1rios ligados aos setores  produtivos. <\/p>\n\n\n\n<div class=\"wp-block-image\"><figure class=\"alignright size-large\"><img loading=\"lazy\" decoding=\"async\" width=\"409\" height=\"76\" src=\"http:\/\/redeaplmineral.org.br\/wp-content\/uploads\/2023\/04\/img-09-2.png\" alt=\"\" class=\"wp-image-4135\" srcset=\"http:\/\/redeaplmineral.org.br\/wp-content\/uploads\/2023\/04\/img-09-2.png 409w, http:\/\/redeaplmineral.org.br\/wp-content\/uploads\/2023\/04\/img-09-2-300x56.png 300w\" sizes=\"auto, (max-width: 409px) 100vw, 409px\" \/><\/figure><\/div>\n\n\n\n<p class=\"has-large-font-size\"><br><\/p>\n\n\n\n<p class=\"has-large-font-size\">Agradecimentos<\/p>\n\n\n\n<figure class=\"wp-block-gallery columns-1 is-cropped wp-block-gallery-5 is-layout-flex wp-block-gallery-is-layout-flex\"><ul class=\"blocks-gallery-grid\"><li class=\"blocks-gallery-item\"><figure><img loading=\"lazy\" decoding=\"async\" width=\"1018\" height=\"294\" src=\"http:\/\/redeaplmineral.org.br\/wp-content\/uploads\/2023\/04\/img-10.png\" alt=\"\" data-id=\"4133\" data-full-url=\"http:\/\/redeaplmineral.org.br\/wp-content\/uploads\/2023\/04\/img-10.png\" data-link=\"http:\/\/redeaplmineral.org.br\/?attachment_id=4133\" class=\"wp-image-4133\" srcset=\"http:\/\/redeaplmineral.org.br\/wp-content\/uploads\/2023\/04\/img-10.png 1018w, http:\/\/redeaplmineral.org.br\/wp-content\/uploads\/2023\/04\/img-10-300x87.png 300w, http:\/\/redeaplmineral.org.br\/wp-content\/uploads\/2023\/04\/img-10-768x222.png 768w\" sizes=\"auto, (max-width: 1018px) 100vw, 1018px\" \/><\/figure><\/li><\/ul><\/figure>\n\n\n\n<hr class=\"wp-block-separator is-style-wide\"\/>\n\n\n\n<hr class=\"wp-block-separator is-style-wide\"\/>\n\n\n\n<p class=\"has-text-align-center has-huge-font-size\"><strong><span class=\"has-inline-color has-cyan-bluish-gray-color\">2\u00ba Lugar<\/span><\/strong><\/p>\n\n\n\n<figure class=\"wp-block-gallery columns-1 is-cropped wp-block-gallery-6 is-layout-flex wp-block-gallery-is-layout-flex\"><ul class=\"blocks-gallery-grid\"><li class=\"blocks-gallery-item\"><figure><img loading=\"lazy\" decoding=\"async\" width=\"918\" height=\"66\" src=\"http:\/\/redeaplmineral.org.br\/wp-content\/uploads\/2023\/04\/img-00-1.png\" alt=\"\" data-id=\"4138\" data-full-url=\"http:\/\/redeaplmineral.org.br\/wp-content\/uploads\/2023\/04\/img-00-1.png\" data-link=\"http:\/\/redeaplmineral.org.br\/?attachment_id=4138\" class=\"wp-image-4138\" srcset=\"http:\/\/redeaplmineral.org.br\/wp-content\/uploads\/2023\/04\/img-00-1.png 918w, http:\/\/redeaplmineral.org.br\/wp-content\/uploads\/2023\/04\/img-00-1-300x22.png 300w, http:\/\/redeaplmineral.org.br\/wp-content\/uploads\/2023\/04\/img-00-1-768x55.png 768w\" sizes=\"auto, (max-width: 918px) 100vw, 918px\" \/><\/figure><\/li><\/ul><\/figure>\n\n\n\n<div class=\"wp-block-columns is-layout-flex wp-container-core-columns-is-layout-9d6595d7 wp-block-columns-is-layout-flex\">\n<div class=\"wp-block-column is-layout-flow wp-block-column-is-layout-flow\">\n<p class=\"has-large-font-size\"><strong><span style=\"color:#173f20\" class=\"has-inline-color\">Sobre o APL<\/span><\/strong><\/p>\n<\/div>\n<\/div>\n\n\n\n<p><\/p>\n\n\n\n<p><\/p>\n\n\n\n<hr class=\"wp-block-separator is-style-wide\"\/>\n\n\n\n<hr class=\"wp-block-separator is-style-wide\"\/>\n\n\n\n<p class=\"has-text-align-center has-huge-font-size\"><strong><span class=\"has-inline-color has-luminous-vivid-orange-color\">3\u00ba Lugar<\/span><\/strong><\/p>\n\n\n\n<figure class=\"wp-block-gallery columns-1 is-cropped wp-block-gallery-7 is-layout-flex wp-block-gallery-is-layout-flex\"><ul class=\"blocks-gallery-grid\"><li class=\"blocks-gallery-item\"><figure><img loading=\"lazy\" decoding=\"async\" width=\"918\" height=\"66\" src=\"http:\/\/redeaplmineral.org.br\/wp-content\/uploads\/2023\/04\/img-00-1.png\" alt=\"\" data-id=\"4138\" data-full-url=\"http:\/\/redeaplmineral.org.br\/wp-content\/uploads\/2023\/04\/img-00-1.png\" data-link=\"http:\/\/redeaplmineral.org.br\/?attachment_id=4138\" class=\"wp-image-4138\" srcset=\"http:\/\/redeaplmineral.org.br\/wp-content\/uploads\/2023\/04\/img-00-1.png 918w, http:\/\/redeaplmineral.org.br\/wp-content\/uploads\/2023\/04\/img-00-1-300x22.png 300w, http:\/\/redeaplmineral.org.br\/wp-content\/uploads\/2023\/04\/img-00-1-768x55.png 768w\" sizes=\"auto, (max-width: 918px) 100vw, 918px\" \/><\/figure><\/li><\/ul><\/figure>\n\n\n\n<div class=\"wp-block-columns is-layout-flex wp-container-core-columns-is-layout-9d6595d7 wp-block-columns-is-layout-flex\">\n<div class=\"wp-block-column is-layout-flow wp-block-column-is-layout-flow\">\n<p class=\"has-large-font-size\"><strong><span style=\"color:#173f20\" class=\"has-inline-color\">Sobre o APL<\/span><\/strong><\/p>\n<\/div>\n<\/div>\n\n\n\n<p><br><\/p>\n","protected":false},"excerpt":{"rendered":"<p>1\u00ba Lugar DESENVOLVIMENTO SUSTENT\u00c1VEL DO ARRANJO PRODUTIVO LOCAL DE ROCHAS ORNAMENTAIS POR MEIO DA NORMATIZA\u00c7\u00c3O DO USO DOS FINOS DO BENEFICIAMENTO (FIBRO) EM MATERIAIS DE CONSTRU\u00c7\u00c3O CIVIL, SEGUNDO O MODELO DE ECONOMIA CIRCULAR Monica Castoldi Borlini Gadioli (1) , Francisco Wilson Hollanda Vidal (2) , Mariane Costalonga de Aguiar (3) , Kayrone Marvila de Almeida [&hellip;]<\/p>\n","protected":false},"author":3,"featured_media":0,"comment_status":"open","ping_status":"open","sticky":false,"template":"","format":"standard","meta":{"footnotes":""},"categories":[13],"tags":[],"class_list":["post-3854","post","type-post","status-publish","format-standard","hentry","category-premio-melhores-praticas"],"_links":{"self":[{"href":"http:\/\/redeaplmineral.org.br\/index.php?rest_route=\/wp\/v2\/posts\/3854","targetHints":{"allow":["GET"]}}],"collection":[{"href":"http:\/\/redeaplmineral.org.br\/index.php?rest_route=\/wp\/v2\/posts"}],"about":[{"href":"http:\/\/redeaplmineral.org.br\/index.php?rest_route=\/wp\/v2\/types\/post"}],"author":[{"embeddable":true,"href":"http:\/\/redeaplmineral.org.br\/index.php?rest_route=\/wp\/v2\/users\/3"}],"replies":[{"embeddable":true,"href":"http:\/\/redeaplmineral.org.br\/index.php?rest_route=%2Fwp%2Fv2%2Fcomments&post=3854"}],"version-history":[{"count":14,"href":"http:\/\/redeaplmineral.org.br\/index.php?rest_route=\/wp\/v2\/posts\/3854\/revisions"}],"predecessor-version":[{"id":4151,"href":"http:\/\/redeaplmineral.org.br\/index.php?rest_route=\/wp\/v2\/posts\/3854\/revisions\/4151"}],"wp:attachment":[{"href":"http:\/\/redeaplmineral.org.br\/index.php?rest_route=%2Fwp%2Fv2%2Fmedia&parent=3854"}],"wp:term":[{"taxonomy":"category","embeddable":true,"href":"http:\/\/redeaplmineral.org.br\/index.php?rest_route=%2Fwp%2Fv2%2Fcategories&post=3854"},{"taxonomy":"post_tag","embeddable":true,"href":"http:\/\/redeaplmineral.org.br\/index.php?rest_route=%2Fwp%2Fv2%2Ftags&post=3854"}],"curies":[{"name":"wp","href":"https:\/\/api.w.org\/{rel}","templated":true}]}}