{"id":3702,"date":"2020-11-03T14:17:00","date_gmt":"2020-11-03T17:17:00","guid":{"rendered":"http:\/\/redeaplmineral.org.br\/?p=3702"},"modified":"2021-01-25T14:27:49","modified_gmt":"2021-01-25T17:27:49","slug":"seminario-virtual-impactos-e-oportunidades-para-os-apl-de-base-mineral-em-tempos-de-covid-2","status":"publish","type":"post","link":"http:\/\/redeaplmineral.org.br\/?p=3702","title":{"rendered":"Semin\u00e1rio Virtual \u201cImpactos e oportunidades para os APL de base mineral em tempos de Covid\u201d"},"content":{"rendered":"\n<p>O Comit\u00ea Tem\u00e1tico Rede Brasileira de Arranjos Produtivos Locais de Base Mineral \u2013 CT RedeAPLmineral, coordenado pela Secretaria de Empreendedorismo e Inova\u00e7\u00e3o \u2013 SEMPI do Minist\u00e9rio da Ci\u00eancia, Tecnologia e Inova\u00e7\u00f5es \u2013 MCTI, com o apoio do Grupo de Trabalho Permanente para Arranjos Produtivos Locais \u2013 GTP APL do Minist\u00e9rio da Economia \u2013 ME e da Secretaria Executiva do Instituto Brasileiro de Informa\u00e7\u00e3o em Ci\u00eancia e Tecnologia \u2013 IBICT\/MCTI, constitui-se em uma inst\u00e2ncia cooperativa de coordena\u00e7\u00e3o e integra\u00e7\u00e3o de a\u00e7\u00f5es dos APL de base mineral e de informa\u00e7\u00f5es, de abrang\u00eancia nacional sem fins lucrativos. \u00c9 formada por agentes econ\u00f4micos, pol\u00edticos e sociais, p\u00fablicos e privados, envolvidos com o desenvolvimento sustent\u00e1vel desses arranjos, com base em planejamento de longo prazo, destacando-se a dissemina\u00e7\u00e3o e divulga\u00e7\u00e3o dessas a\u00e7\u00f5es por meio da realiza\u00e7\u00e3o anual de Semin\u00e1rio Nacional em diversas regi\u00f5es.<\/p>\n\n\n\n<p>A cidade de Araripina-PE foi escolhida para a realiza\u00e7\u00e3o da edi\u00e7\u00e3o XVII do Semin\u00e1rio Nacional de APL Base Mineral e do XIV Encontro do CT RedeAPLmineral, junto ao APL Gesso do Araripe\/PE, com data de realiza\u00e7\u00e3o prevista para a segunda semana de novembro de 2020. A situa\u00e7\u00e3o provocada por medidas de restri\u00e7\u00f5es adotadas para o enfrentamento \u00e0 pandemia do Coronav\u00edrus, com severos efeitos sobre a economia e particularmente no setor mineral da cadeia produtiva da constru\u00e7\u00e3o civil, mais especificamente no APL do Gesso do Araripe\/PE, exigiu algumas mudan\u00e7as \u00e0 forma de realiza\u00e7\u00e3o do evento, na mesma data, resultando em um semin\u00e1rio com vers\u00e3o virtual (Webinar), e a tem\u00e1tica \u201cImpactos e oportunidades para os APL de base mineral em tempos de Covid\u201d.<\/p>\n\n\n\n<p>O Semin\u00e1rio Virtual \u201cImpactos e oportunidades para os APL de base mineral em tempos de Covid\u201d, ocorrer\u00e1 nos dias 10 e 11 de novembro de 2020, no hor\u00e1rio das 18 h \u00e0s 20 h 30 min, por meio da plataforma Zoom, em parceria com a ASPACER, cuja programa\u00e7\u00e3o preliminar encontra-se em seguida a esse convite, para sua consulta e avalia\u00e7\u00e3o.<\/p>\n\n\n\n<h2 class=\"wp-block-heading\"><strong>Grade de Programa\u00e7\u00e3o<\/strong><\/h2>\n\n\n\n<h3 class=\"wp-block-heading\"><strong>10\/11\/2020 &nbsp;\u2013 Ter\u00e7a-Feira&nbsp; (18h \u2013 20h)<\/strong><strong><\/strong><\/h3>\n\n\n\n<p><strong>(18h&nbsp; \u2013 19h30) \u2013 Painel Retomada Econ\u00f4mica P\u00f3s Pandemia<\/strong><\/p>\n\n\n\n<p><strong>Apresentador: Roosevelt Tom\u00e9<\/strong>&nbsp;\u2013 Pesquisador do IBICT\/MCTI e membro do CT RedeAPLmineral<\/p>\n\n\n\n<p><strong>(18h \u2013 18h30)<\/strong>&nbsp;Parte 1 \u2013 Cen\u00e1rios econ\u00f4micos p\u00f3s pandemia<br><strong>Palestrante:<\/strong>&nbsp;Tania Bacelar \u2013 Professora Em\u00e9rita da UFPE e UNICAP e Ex-Superintendente da SUDENE<\/p>\n\n\n\n<p><strong>(18h30 \u2013 19h)<\/strong>&nbsp;\u2013 Parte 2 \u2013 Recupera\u00e7\u00e3o econ\u00f4mica: empresas e emprego em APL de Base Mineral<br><strong>Palestrantes:<\/strong>&nbsp;Presidente \u2013 Executivo da ABIROCHAS&nbsp; por Cid Chiodi \u2013 Consultor da ABIROCHAS&nbsp; e Claudio Scliar \u2013 UFMG<\/p>\n\n\n\n<p><strong>&nbsp;(19h\u2013 19h30) \u2013 Debate<\/strong><\/p>\n\n\n\n<p><strong>&nbsp;(19h30 \u2013 20h) \u2013&nbsp;Lan\u00e7amento do Portal Rede<\/strong><em><strong>APL<\/strong><\/em><strong>mineral&nbsp;<\/strong><\/p>\n\n\n\n<ul class=\"wp-block-list\"><li><strong>Coordena\u00e7\u00e3o do CT Rede<\/strong><em><strong>APL<\/strong><\/em><strong>mineral<\/strong><\/li><\/ul>\n\n\n\n<p><strong>Cristina Ferreira C. Silva<\/strong>&nbsp;\u2013 Analista em C&amp;T da CGTS\/DETAP\/SEMPI\/MCTI e membro do CT Rede<em>APL<\/em>mineral,<\/p>\n\n\n\n<p><strong>Maria Cristina Milani<\/strong>&nbsp;\u2013 Coordenadora do GTP APL\/ME e membro do CT Rede<em>APL<\/em>mineral,<\/p>\n\n\n\n<p><strong>Roosevelt IBICT Tom\u00e9<\/strong>&nbsp;\u2013 Pesquisador do IBICT\/MCTI e membro do CT Rede<em>APL<\/em>mineral<\/p>\n\n\n\n<p><strong>Luana Moreira<\/strong>&nbsp;\u2013 Bolsista do IBICT\/MCTI e membros do CT Rede<em>APL<\/em>mineral<\/p>\n\n\n\n<p><strong>Milene Costa<\/strong>&nbsp;\u2013 Bolsista do IBICT\/MCTI e membros do CT Rede<em>APL<\/em>mineral<\/p>\n\n\n\n<hr class=\"wp-block-separator\"\/>\n\n\n\n<h3 class=\"wp-block-heading\"><strong>11\/11\/2020 \u2013 Quarta-Feira (18h \u2013 20h30)<\/strong><\/h3>\n\n\n\n<p><strong>(18h \u2013 19h30) \u2013 Mesa redonda Impactos e alternativas para o APL de Base mineral em tempos de pandemia&nbsp;<\/strong><\/p>\n\n\n\n<p><strong>Mediador:<\/strong>&nbsp;Giorgio de Tomi \u2013 Professor do NAP.Minera\u00e7\u00e3o\/USP e membro do CT RedeAPLmineral<\/p>\n\n\n\n<p><strong>Debatedores: APL do Gesso<\/strong>\u2013&nbsp;<strong>Ceissa Campos Costa<\/strong>&nbsp;\u2013 Presidente do SINDUSGESSO<\/p>\n\n\n\n<p><strong>APL de Rochas Ornamentais<\/strong>&nbsp;\u2013&nbsp;<strong>Tales Pena Machado<\/strong>&nbsp;\u2013 Presidente do SINDIROCHAS\/ES<\/p>\n\n\n\n<p><strong>APL de Cer\u00e2mica Vermelha<\/strong>&nbsp;\u2013&nbsp;<strong>Ant\u00f4nio Carlos Pimenta<\/strong>&nbsp;\u2013 Consultor T\u00e9cnico e da Qualidade da ANICER e FUNDACER.<\/p>\n\n\n\n<p><strong>APL de Cer\u00e2mica de Revestimento<\/strong>&nbsp;\u2013&nbsp;<strong>Almir Guilherme<\/strong>&nbsp;\u2013 ASPACER<\/p>\n\n\n\n<p><strong>CT Rede<\/strong><em><strong>APL<\/strong><\/em><strong>mineral<\/strong>&nbsp;\u2013&nbsp;<strong>Francisco Diniz<\/strong>&nbsp;\u2013 Coordenador do ETENE\/BNB e membro do CT Rede<em>APL<\/em>mineral<\/p>\n\n\n\n<p><strong>(19h30\u2013 20h20) \u2013 Mesa redonda Planejamento de longo prazo pelo Processo Prospectivo para desenvolvimento sustent\u00e1vel de APL de base Mineral \u2013 Caso Arranjo Produtivo de Gemas, Joias, Artesanato Mineral e Turismo de Cristalina\/GO&nbsp;<\/strong><\/p>\n\n\n\n<p><strong>Mediador: Roosevelt Tom\u00e9<\/strong>&nbsp;\u2013 Pesquisador do IBICT\/MCTI e membro do CT RedeAPLmineral<\/p>\n\n\n\n<p><strong>Debatedores:<\/strong><br><strong>Elzivir Guerra \u2013<\/strong>&nbsp;Analista em C&amp;T da CGTS\/DETAP\/SEMPI\/MCTI e membro do CT RedeAPLmineral<br><strong>Clarice Kobayashi \u2013<\/strong>&nbsp;INSPRO<br><strong>Willian Souto<\/strong>&nbsp;\u2013 Presidente da AAC<br><strong>S\u00e9rgio Carmona<\/strong>&nbsp;\u2013 Presidente da ACAIC<br><strong>Carmo Spies<\/strong>&nbsp;\u2013 Vice-Presidente do SICREDI<\/p>\n\n\n\n<p><strong>&nbsp;(20h20 \u2013 20h30) \u2013&nbsp;Divulga\u00e7\u00e3o&nbsp;<\/strong><\/p>\n\n\n\n<ul class=\"wp-block-list\"><li><strong>XVII Semin\u00e1rio Nacional de APL de Base Mineral e XIV Encontro do CT Rede<\/strong><em><strong>APL<\/strong><\/em><strong>mineral \u2013 2\u00aa quizena de novembro de 2021<\/strong><\/li><\/ul>\n\n\n\n<p><strong>Tema sugerido<\/strong>: Formaliza\u00e7\u00e3o para o desenvolvimento das empresas de base mineral organizadas em APL.<\/p>\n\n\n\n<p><strong>Ceissa Campos Costa<\/strong>&nbsp;\u2013 Presidenta do SINDUSGESSO e&nbsp;<strong>Giorgio de Tomi<\/strong>&nbsp;\u2013 Professor do NAP.Minera\u00e7\u00e3o\/USP e membro do CT Rede<em>APL<\/em>mineral<\/p>\n\n\n\n<ul class=\"wp-block-list\"><li><strong>Pr\u00eamio Melhores Pr\u00e1ticas 2020 \u2013 2021<\/strong><\/li><\/ul>\n\n\n\n<p>Nuria Feernadez Castro (Tecnologista do CETEM\/MCTI e membro do CT Rede<em>APL<\/em>mineral)<\/p>\n\n\n\n<p><strong>Encerramento<\/strong><\/p>\n\n\n\n<p><strong>Inscreva-se antecipadamente para este Semin\u00e1rio<\/strong><br><a href=\"https:\/\/us02web.zoom.us\/meeting\/register\/tZckdOyprzkrHtcNHxdEYRbVh4TgLo-6SJFM\" target=\"_blank\" rel=\"noreferrer noopener\">https:\/\/us02web.zoom.us\/meeting\/register\/tZckdOyprzkrHtcNHxdEYRbVh4TgLo-6SJFM<\/a><\/p>\n\n\n\n<p>Ap\u00f3s a inscri\u00e7\u00e3o, voc\u00ea receber\u00e1 um e-mail de confirma\u00e7\u00e3o contendo informa\u00e7\u00f5es sobre como entrar no&nbsp;semin\u00e1rio.<\/p>\n\n\n\n<h5 class=\"wp-block-heading\"><strong>ATEN\u00c7\u00c3O VAGAS LIMITADAS<\/strong><\/h5>\n\n\n\n<p>Caso n\u00e3o conseguir se cadastrar poder\u00e1 acompanhar o Semin\u00e1rio atrav\u00e9s do canal do Youtube da Aspacer<\/p>\n\n\n\n<p>Link de Acesso ao youtube (<a href=\"https:\/\/www.youtube.com\/channel\/UCN0_5RtxNtnJiqYfdib_TPg\" target=\"_blank\" rel=\"noreferrer noopener\">Clique Aqui<\/a>)<\/p>\n\n\n\n<p>Fonte: ASPACER (https:\/\/www.aspacer.com.br\/hotsite\/aplmineral\/)<\/p>\n","protected":false},"excerpt":{"rendered":"<p>O Comit\u00ea Tem\u00e1tico Rede Brasileira de Arranjos Produtivos Locais de Base Mineral \u2013 CT RedeAPLmineral, coordenado pela Secretaria de Empreendedorismo e Inova\u00e7\u00e3o \u2013 SEMPI do Minist\u00e9rio da Ci\u00eancia, Tecnologia e Inova\u00e7\u00f5es \u2013 MCTI, com o apoio do Grupo de Trabalho Permanente para Arranjos Produtivos Locais \u2013 GTP APL do Minist\u00e9rio da Economia \u2013 ME e [&hellip;]<\/p>\n","protected":false},"author":2,"featured_media":0,"comment_status":"open","ping_status":"open","sticky":false,"template":"","format":"standard","meta":{"footnotes":""},"categories":[10],"tags":[],"class_list":["post-3702","post","type-post","status-publish","format-standard","hentry","category-noticias"],"_links":{"self":[{"href":"http:\/\/redeaplmineral.org.br\/index.php?rest_route=\/wp\/v2\/posts\/3702","targetHints":{"allow":["GET"]}}],"collection":[{"href":"http:\/\/redeaplmineral.org.br\/index.php?rest_route=\/wp\/v2\/posts"}],"about":[{"href":"http:\/\/redeaplmineral.org.br\/index.php?rest_route=\/wp\/v2\/types\/post"}],"author":[{"embeddable":true,"href":"http:\/\/redeaplmineral.org.br\/index.php?rest_route=\/wp\/v2\/users\/2"}],"replies":[{"embeddable":true,"href":"http:\/\/redeaplmineral.org.br\/index.php?rest_route=%2Fwp%2Fv2%2Fcomments&post=3702"}],"version-history":[{"count":1,"href":"http:\/\/redeaplmineral.org.br\/index.php?rest_route=\/wp\/v2\/posts\/3702\/revisions"}],"predecessor-version":[{"id":3703,"href":"http:\/\/redeaplmineral.org.br\/index.php?rest_route=\/wp\/v2\/posts\/3702\/revisions\/3703"}],"wp:attachment":[{"href":"http:\/\/redeaplmineral.org.br\/index.php?rest_route=%2Fwp%2Fv2%2Fmedia&parent=3702"}],"wp:term":[{"taxonomy":"category","embeddable":true,"href":"http:\/\/redeaplmineral.org.br\/index.php?rest_route=%2Fwp%2Fv2%2Fcategories&post=3702"},{"taxonomy":"post_tag","embeddable":true,"href":"http:\/\/redeaplmineral.org.br\/index.php?rest_route=%2Fwp%2Fv2%2Ftags&post=3702"}],"curies":[{"name":"wp","href":"https:\/\/api.w.org\/{rel}","templated":true}]}}