{"id":3095,"date":"2020-01-16T11:00:44","date_gmt":"2020-01-16T14:00:44","guid":{"rendered":"http:\/\/redeaplmineral.org.br\/?p=3095"},"modified":"2020-10-16T10:15:01","modified_gmt":"2020-10-16T13:15:01","slug":"premio-melhores-praticas-2019-3","status":"publish","type":"post","link":"http:\/\/redeaplmineral.org.br\/?p=3095","title":{"rendered":"Pr\u00eamio Melhores Pr\u00e1ticas 2019"},"content":{"rendered":"\n<figure class=\"wp-block-image is-resized\"><img loading=\"lazy\" decoding=\"async\" src=\"http:\/\/redeaplmineral.org.br\/sites\/default\/files\/styles\/full\/public\/2019-09\/PMP%20APL%20MINERAL%202019%20%28v2%29.png?itok=dD41aMd5\" alt=\"\" width=\"632\" height=\"355\"\/><\/figure>\n\n\n\n<p>Aten\u00e7\u00e3o idealizadores de pr\u00e1ticas in\u00e9ditas realizadas no \u00e2mbito da cadeia produtiva do setor mineral, que queiram concorrer ao Pr\u00eamio Melhores Pr\u00e1ticas 2019, o Regulamento que o rege j\u00e1 est\u00e1 dispon\u00edvel no&nbsp;<a href=\"http:\/\/redeaplmineral.org.br\/premio-melhores-praticas-2019\">Portal da RedeAPLmineral.<\/a><\/p>\n\n\n\n<p>O pr\u00eamio \u00e9 voltado para agentes de minera\u00e7\u00e3o de pequeno e m\u00e9dio porte, organizados sob a forma de Arranjos Produtivos Locais (APLs), que, por esfor\u00e7o pr\u00f3prio ou em parceria\/coopera\u00e7\u00e3o com entidades afins estabelecidas no Brasil, tenham logrado \u00eaxito na realiza\u00e7\u00e3o de m\u00e9todos e t\u00e9cnicas cujos resultados apresentam ganhos ambientais, financeiros e de mercado.<\/p>\n\n\n\n<p>Todas as informa\u00e7\u00f5es relacionadas ao pr\u00eamio como forma\u00e7\u00e3o da Comiss\u00e3o Julgadora, per\u00edodo de inscri\u00e7\u00f5es, julgamento e premia\u00e7\u00e3o est\u00e3o descritas no documento.<\/p>\n\n\n\n<p><strong>Fonte: Comunica\u00e7\u00e3o RedeAPLmineral<\/strong><\/p>\n\n\n\n<p><strong>Vencedores do Pr\u00eamio Melhores Pr\u00e1ticas em Arranjos Produtivos Locais de Base Mineral 2019<\/strong><\/p>\n\n\n\n<p><strong>Primeiro Lugar<\/strong><\/p>\n\n\n\n<p>T\u00edtulo da Pr\u00e1tica: \u201cDESENVOLVE PORTO FERREIRA\u201d, na tem\u00e1tica Transfer\u00eancia e Dissemina\u00e7\u00e3o de Tecnologia e Inova\u00e7\u00e3o, coordenado por RICARDO LUIS PATRONI e MARIA LUCIA BALTIERI, ambos da Prefeitura de Porto Ferreira.<\/p>\n\n\n\n<p><strong>Segundo Lugar<\/strong><\/p>\n\n\n\n<p>T\u00edtulo da Pr\u00e1tica: \u201cN\u00daCLEO DE EXTENS\u00c3O E PR\u00c1TICAS EM PROCESSAMENTO MINERAL\u201d, na tem\u00e1tica Transfer\u00eancia e Dissemina\u00e7\u00e3o de Tecnologia e Inova\u00e7\u00e3o, sob a coordena\u00e7\u00e3o de ELIAS NUNES FILHO do Instituto Federal do Rio Grande do Norte IFRN CAMPUS PARELHAS.<\/p>\n\n\n\n<p><strong>Terceiro Lugar<\/strong><\/p>\n\n\n\n<p>T\u00edtulo da Pr\u00e1tica: \u201cGERA\u00c7\u00c3O DE PR\u00d3TESES ORTOP\u00c9DICAS UTILIZANDO RES\u00cdDUOS FINOS ORIUNDOS DO BENEFICIAMENTO DO M\u00c1RMORE BEGE BAHIA\u201d, na tem\u00e1tica Transfer\u00eancia e dissemina\u00e7\u00e3o de tecnologia e inova\u00e7\u00e3o, sob a coordena\u00e7\u00e3o de Roberto Carlos da Concei\u00e7\u00e3o Ribeiro, Francisco Wilson Hollanda Vidal e Ana Cristina Franco Magalhaes, todos do Centro de Tecnologia Mineral \u2013 CETEM.<\/p>\n","protected":false},"excerpt":{"rendered":"<p>Aten\u00e7\u00e3o idealizadores de pr\u00e1ticas in\u00e9ditas realizadas no \u00e2mbito da cadeia produtiva do setor mineral, que queiram concorrer ao Pr\u00eamio Melhores Pr\u00e1ticas 2019, o Regulamento que o rege j\u00e1 est\u00e1 dispon\u00edvel no&nbsp;Portal da RedeAPLmineral. O pr\u00eamio \u00e9 voltado para agentes de minera\u00e7\u00e3o de pequeno e m\u00e9dio porte, organizados sob a forma de Arranjos Produtivos Locais (APLs), [&hellip;]<\/p>\n","protected":false},"author":5,"featured_media":0,"comment_status":"open","ping_status":"open","sticky":false,"template":"","format":"standard","meta":{"footnotes":""},"categories":[10],"tags":[],"class_list":["post-3095","post","type-post","status-publish","format-standard","hentry","category-noticias"],"_links":{"self":[{"href":"http:\/\/redeaplmineral.org.br\/index.php?rest_route=\/wp\/v2\/posts\/3095","targetHints":{"allow":["GET"]}}],"collection":[{"href":"http:\/\/redeaplmineral.org.br\/index.php?rest_route=\/wp\/v2\/posts"}],"about":[{"href":"http:\/\/redeaplmineral.org.br\/index.php?rest_route=\/wp\/v2\/types\/post"}],"author":[{"embeddable":true,"href":"http:\/\/redeaplmineral.org.br\/index.php?rest_route=\/wp\/v2\/users\/5"}],"replies":[{"embeddable":true,"href":"http:\/\/redeaplmineral.org.br\/index.php?rest_route=%2Fwp%2Fv2%2Fcomments&post=3095"}],"version-history":[{"count":1,"href":"http:\/\/redeaplmineral.org.br\/index.php?rest_route=\/wp\/v2\/posts\/3095\/revisions"}],"predecessor-version":[{"id":3096,"href":"http:\/\/redeaplmineral.org.br\/index.php?rest_route=\/wp\/v2\/posts\/3095\/revisions\/3096"}],"wp:attachment":[{"href":"http:\/\/redeaplmineral.org.br\/index.php?rest_route=%2Fwp%2Fv2%2Fmedia&parent=3095"}],"wp:term":[{"taxonomy":"category","embeddable":true,"href":"http:\/\/redeaplmineral.org.br\/index.php?rest_route=%2Fwp%2Fv2%2Fcategories&post=3095"},{"taxonomy":"post_tag","embeddable":true,"href":"http:\/\/redeaplmineral.org.br\/index.php?rest_route=%2Fwp%2Fv2%2Ftags&post=3095"}],"curies":[{"name":"wp","href":"https:\/\/api.w.org\/{rel}","templated":true}]}}