{"id":3091,"date":"2019-02-06T10:42:09","date_gmt":"2019-02-06T12:42:09","guid":{"rendered":"http:\/\/redeaplmineral.org.br\/?p=3091"},"modified":"2020-10-16T10:11:10","modified_gmt":"2020-10-16T13:11:10","slug":"vitoria-stone-fair-2019-2","status":"publish","type":"post","link":"http:\/\/redeaplmineral.org.br\/?p=3091","title":{"rendered":"Vitoria Stone Fair 2019"},"content":{"rendered":"\n<figure class=\"wp-block-image is-resized\"><img loading=\"lazy\" decoding=\"async\" src=\"http:\/\/redeaplmineral.org.br\/sites\/default\/files\/styles\/full\/public\/2019-02\/vsf2019.jpg?itok=NjaPvGqb\" alt=\"\" width=\"679\" height=\"283\"\/><\/figure>\n\n\n\n<p>Refer\u00eancia para o setor de rochas ornamentais na Am\u00e9rica Latina e no mundo, a Vit\u00f3ria Stone Fair re\u00fane grandes empresas de extra\u00e7\u00e3o e beneficiamento de pedras naturais, equipamentos, maquin\u00e1rios, insumos e tecnologias de todas as partes do mundo. O evento \u00e9 uma oportunidade para realizar neg\u00f3cios presenciais, avaliar os produtos e servi\u00e7os,&nbsp;trabalhar ferramentas de marketing, ampliar as a\u00e7\u00f5es e lan\u00e7amentos de produtos, fortalecendo parcerias e prospectando novos mercados. Vitrine para o mundo, a Vit\u00f3ria Stone Fair \u00e9 realizada no Esp\u00edrito Santo, estado com o maior parque industrial brasileiro e detentor de mais de 90% dos teares multifios em funcionamento. Enquanto o Brasil possui a maior diversidade de rochas naturais do mundo &#8211; s\u00e3o mais de 1.200 variedades &#8211; o ES \u00e9 o maior produtor e exportador nacional de chapas e blocos. De 12 a 15 de fevereiro de 2019, Parque de Exposi\u00e7\u00e3o Floriano Varej\u00e3o &#8211; Pavilh\u00e3o de Carapina.<\/p>\n\n\n\n<p>Durante os 4 dias do evento a feira recebe profissionais dos mais variados setores ligados \u00e0 extra\u00e7\u00e3o e beneficiamento de rochas, constru\u00e7\u00e3o civil, arquitetura e design. A Vitoria Stone Fair tamb\u00e9m est\u00e1 de portas abertas para estudantes de \u00e1reas relacionadas ao evento.<\/p>\n\n\n\n<p>SAIBA MAIS :&nbsp;<a href=\"https:\/\/www.vitoriastonefair.com.br\/site\/2019\/pt\/a-feira\">https:\/\/www.vitoriastonefair.com.br\/site\/2019\/pt\/a-feira<\/a><\/p>\n","protected":false},"excerpt":{"rendered":"<p>Refer\u00eancia para o setor de rochas ornamentais na Am\u00e9rica Latina e no mundo, a Vit\u00f3ria Stone Fair re\u00fane grandes empresas de extra\u00e7\u00e3o e beneficiamento de pedras naturais, equipamentos, maquin\u00e1rios, insumos e tecnologias de todas as partes do mundo. O evento \u00e9 uma oportunidade para realizar neg\u00f3cios presenciais, avaliar os produtos e servi\u00e7os,&nbsp;trabalhar ferramentas de marketing, [&hellip;]<\/p>\n","protected":false},"author":5,"featured_media":0,"comment_status":"open","ping_status":"open","sticky":false,"template":"","format":"standard","meta":{"footnotes":""},"categories":[10],"tags":[],"class_list":["post-3091","post","type-post","status-publish","format-standard","hentry","category-noticias"],"_links":{"self":[{"href":"http:\/\/redeaplmineral.org.br\/index.php?rest_route=\/wp\/v2\/posts\/3091","targetHints":{"allow":["GET"]}}],"collection":[{"href":"http:\/\/redeaplmineral.org.br\/index.php?rest_route=\/wp\/v2\/posts"}],"about":[{"href":"http:\/\/redeaplmineral.org.br\/index.php?rest_route=\/wp\/v2\/types\/post"}],"author":[{"embeddable":true,"href":"http:\/\/redeaplmineral.org.br\/index.php?rest_route=\/wp\/v2\/users\/5"}],"replies":[{"embeddable":true,"href":"http:\/\/redeaplmineral.org.br\/index.php?rest_route=%2Fwp%2Fv2%2Fcomments&post=3091"}],"version-history":[{"count":1,"href":"http:\/\/redeaplmineral.org.br\/index.php?rest_route=\/wp\/v2\/posts\/3091\/revisions"}],"predecessor-version":[{"id":3092,"href":"http:\/\/redeaplmineral.org.br\/index.php?rest_route=\/wp\/v2\/posts\/3091\/revisions\/3092"}],"wp:attachment":[{"href":"http:\/\/redeaplmineral.org.br\/index.php?rest_route=%2Fwp%2Fv2%2Fmedia&parent=3091"}],"wp:term":[{"taxonomy":"category","embeddable":true,"href":"http:\/\/redeaplmineral.org.br\/index.php?rest_route=%2Fwp%2Fv2%2Fcategories&post=3091"},{"taxonomy":"post_tag","embeddable":true,"href":"http:\/\/redeaplmineral.org.br\/index.php?rest_route=%2Fwp%2Fv2%2Ftags&post=3091"}],"curies":[{"name":"wp","href":"https:\/\/api.w.org\/{rel}","templated":true}]}}