{"id":3070,"date":"2018-05-28T10:45:35","date_gmt":"2018-05-28T13:45:35","guid":{"rendered":"http:\/\/redeaplmineral.org.br\/?p=3070"},"modified":"2020-10-16T09:50:50","modified_gmt":"2020-10-16T12:50:50","slug":"ifrn-promove-seminario-de-apls-de-base-mineral-2","status":"publish","type":"post","link":"http:\/\/redeaplmineral.org.br\/?p=3070","title":{"rendered":"IFRN promove semin\u00e1rio de APLs de base mineral"},"content":{"rendered":"\n<p>O Instituto Federal de Educa\u00e7\u00e3o Ci\u00eancia e Tecnologia do Rio Grande do Norte (IFRN) e&nbsp;a Universidade Federal do Rio Grande do Norte (UFRN) v\u00e3o promover,&nbsp;no dia 6 de junho de 2018,&nbsp;o I Semin\u00e1rio de Arranjos Produtivos Locais de Base Mineral no Territ\u00f3rio Potiguar.&nbsp;Os organizadores esperam a presen\u00e7a de cerca de&nbsp;&nbsp;150 pessoas, entre alunos, professores e pesquisadores, assim como profissionais da \u00e1rea de minera\u00e7\u00e3o que atuam nos setores p\u00fablico, privado e empresarial, que v\u00e3o discutir&nbsp;os \u00faltimos avan\u00e7os da \u00e1rea de minera\u00e7\u00e3o e recursos naturais do Rio Grande do Norte, com \u00eanfase nas APLs de base mineral. O semin\u00e1rio&nbsp;tamb\u00e9m servir\u00e1 como evento sinalizador para o&nbsp;&nbsp;XV Semin\u00e1rio Nacional de Arranjos Produtivos Locais de Base Mineral e XII Encontro do Comit\u00ea Tem\u00e1tico RedeAPLmineral.&nbsp;O semin\u00e1rio ser\u00e1 gratuito, com vagas limitadas.<\/p>\n\n\n\n<p>Servi\u00e7o:<\/p>\n\n\n\n<p>I Semin\u00e1rio de Arranjos Produtivos Locais de Base Mineral no Territ\u00f3rio Potiguar<br>6 de junho de 2018 &#8211; de 7h \u00e0s 18h<br>Instituto Federal de Educa\u00e7\u00e3o, Ci\u00eancia e Tecnologia do Rio Grande do Norte \u2013 Campus Natal Central<br>Audit\u00f3rio Central Pedro Silveira de S\u00e1 Leit\u00e3o<br>Av. Hermes da Fonseca, 1559 \u2013 Tirol &#8211; Natal-RN<\/p>\n\n\n\n<p>Inscri\u00e7\u00f5es: http:\/\/i-seminario-apls-rn.webnode.com&nbsp;ou no dia do semin\u00e1rio no pr\u00f3prio local do evento<\/p>\n","protected":false},"excerpt":{"rendered":"<p>O Instituto Federal de Educa\u00e7\u00e3o Ci\u00eancia e Tecnologia do Rio Grande do Norte (IFRN) e&nbsp;a Universidade Federal do Rio Grande do Norte (UFRN) v\u00e3o promover,&nbsp;no dia 6 de junho de 2018,&nbsp;o I Semin\u00e1rio de Arranjos Produtivos Locais de Base Mineral no Territ\u00f3rio Potiguar.&nbsp;Os organizadores esperam a presen\u00e7a de cerca de&nbsp;&nbsp;150 pessoas, entre alunos, professores e [&hellip;]<\/p>\n","protected":false},"author":5,"featured_media":0,"comment_status":"open","ping_status":"open","sticky":false,"template":"","format":"standard","meta":{"footnotes":""},"categories":[10],"tags":[],"class_list":["post-3070","post","type-post","status-publish","format-standard","hentry","category-noticias"],"_links":{"self":[{"href":"http:\/\/redeaplmineral.org.br\/index.php?rest_route=\/wp\/v2\/posts\/3070","targetHints":{"allow":["GET"]}}],"collection":[{"href":"http:\/\/redeaplmineral.org.br\/index.php?rest_route=\/wp\/v2\/posts"}],"about":[{"href":"http:\/\/redeaplmineral.org.br\/index.php?rest_route=\/wp\/v2\/types\/post"}],"author":[{"embeddable":true,"href":"http:\/\/redeaplmineral.org.br\/index.php?rest_route=\/wp\/v2\/users\/5"}],"replies":[{"embeddable":true,"href":"http:\/\/redeaplmineral.org.br\/index.php?rest_route=%2Fwp%2Fv2%2Fcomments&post=3070"}],"version-history":[{"count":1,"href":"http:\/\/redeaplmineral.org.br\/index.php?rest_route=\/wp\/v2\/posts\/3070\/revisions"}],"predecessor-version":[{"id":3071,"href":"http:\/\/redeaplmineral.org.br\/index.php?rest_route=\/wp\/v2\/posts\/3070\/revisions\/3071"}],"wp:attachment":[{"href":"http:\/\/redeaplmineral.org.br\/index.php?rest_route=%2Fwp%2Fv2%2Fmedia&parent=3070"}],"wp:term":[{"taxonomy":"category","embeddable":true,"href":"http:\/\/redeaplmineral.org.br\/index.php?rest_route=%2Fwp%2Fv2%2Fcategories&post=3070"},{"taxonomy":"post_tag","embeddable":true,"href":"http:\/\/redeaplmineral.org.br\/index.php?rest_route=%2Fwp%2Fv2%2Ftags&post=3070"}],"curies":[{"name":"wp","href":"https:\/\/api.w.org\/{rel}","templated":true}]}}