{"id":2674,"date":"2013-11-19T10:06:02","date_gmt":"2013-11-19T12:06:02","guid":{"rendered":"http:\/\/redeaplmineral.org.br\/?p=2674"},"modified":"2020-10-16T00:49:57","modified_gmt":"2020-10-16T03:49:57","slug":"anicer-lanca-43o-encontro-nacional-do-para-com-os-melhores-momentos-do-evento-deste-ano-em-recife","status":"publish","type":"post","link":"http:\/\/redeaplmineral.org.br\/?p=2674","title":{"rendered":"Anicer lan\u00e7a 43\u00ba Encontro Nacional do Par\u00e1 com os melhores momentos do evento deste ano em Recife"},"content":{"rendered":"\n<p>A Anicer acaba de veicular o v\u00eddeo do 42\u00ba Encontro Nacional da Ind\u00fastria de Cer\u00e2mica Vermelha, convidando toda a cadeia produtiva da cer\u00e2mica vermelha para o evento de 2014, edi\u00e7\u00e3o Norte, em Bel\u00e9m do Par\u00e1. O material apresenta os melhores momentos do evento, como a Expoanicer, os F\u00f3runs e as Cl\u00ednicas, e traz entrevistas e depoimentos dos participantes. Para assistir ao v\u00eddeo do Encontro&nbsp;<a href=\"http:\/\/zip.net\/bclw1T\" target=\"_blank\" rel=\"noreferrer noopener\">http:\/\/zip.net\/bclw1T<\/a><\/p>\n\n\n\n<p><br><strong>Fonte: Anicer<\/strong><\/p>\n","protected":false},"excerpt":{"rendered":"<p>A Anicer acaba de veicular o v\u00eddeo do 42\u00ba Encontro Nacional da Ind\u00fastria de Cer\u00e2mica Vermelha, convidando toda a cadeia produtiva da cer\u00e2mica vermelha para o evento de 2014, edi\u00e7\u00e3o Norte, em Bel\u00e9m do Par\u00e1. O material apresenta os melhores momentos do evento, como a Expoanicer, os F\u00f3runs e as Cl\u00ednicas, e traz entrevistas e [&hellip;]<\/p>\n","protected":false},"author":5,"featured_media":0,"comment_status":"open","ping_status":"open","sticky":false,"template":"","format":"standard","meta":{"footnotes":""},"categories":[10],"tags":[],"class_list":["post-2674","post","type-post","status-publish","format-standard","hentry","category-noticias"],"_links":{"self":[{"href":"http:\/\/redeaplmineral.org.br\/index.php?rest_route=\/wp\/v2\/posts\/2674","targetHints":{"allow":["GET"]}}],"collection":[{"href":"http:\/\/redeaplmineral.org.br\/index.php?rest_route=\/wp\/v2\/posts"}],"about":[{"href":"http:\/\/redeaplmineral.org.br\/index.php?rest_route=\/wp\/v2\/types\/post"}],"author":[{"embeddable":true,"href":"http:\/\/redeaplmineral.org.br\/index.php?rest_route=\/wp\/v2\/users\/5"}],"replies":[{"embeddable":true,"href":"http:\/\/redeaplmineral.org.br\/index.php?rest_route=%2Fwp%2Fv2%2Fcomments&post=2674"}],"version-history":[{"count":1,"href":"http:\/\/redeaplmineral.org.br\/index.php?rest_route=\/wp\/v2\/posts\/2674\/revisions"}],"predecessor-version":[{"id":2675,"href":"http:\/\/redeaplmineral.org.br\/index.php?rest_route=\/wp\/v2\/posts\/2674\/revisions\/2675"}],"wp:attachment":[{"href":"http:\/\/redeaplmineral.org.br\/index.php?rest_route=%2Fwp%2Fv2%2Fmedia&parent=2674"}],"wp:term":[{"taxonomy":"category","embeddable":true,"href":"http:\/\/redeaplmineral.org.br\/index.php?rest_route=%2Fwp%2Fv2%2Fcategories&post=2674"},{"taxonomy":"post_tag","embeddable":true,"href":"http:\/\/redeaplmineral.org.br\/index.php?rest_route=%2Fwp%2Fv2%2Ftags&post=2674"}],"curies":[{"name":"wp","href":"https:\/\/api.w.org\/{rel}","templated":true}]}}