{"id":2294,"date":"2012-08-23T15:43:12","date_gmt":"2012-08-23T18:43:12","guid":{"rendered":"http:\/\/redeaplmineral.org.br\/?p=2294"},"modified":"2020-10-14T22:46:23","modified_gmt":"2020-10-15T01:46:23","slug":"2a-reuniao-ct-apl-mineral-discute-projetos-e-avaliacoes-dos-gts-setoriais","status":"publish","type":"post","link":"http:\/\/redeaplmineral.org.br\/?p=2294","title":{"rendered":"2\u00aa Reuni\u00e3o CT APL Mineral discute projetos e avalia\u00e7\u00f5es dos GTs Setoriais"},"content":{"rendered":"\n<p>A necessidade de parcerias para o fortalecimento e sustentabilidade da cadeia produtiva do setor mineral, foi um dos assuntos de maior destaque na 2\u00aa Reuni\u00e3o do Comit\u00ea Tem\u00e1tico APLs de Base Mineral (CT APL Mineral) realizada na \u00faltima quarta feira (22\/08), no Minist\u00e9rio do Desenvolvimento, Ind\u00fastria e Com\u00e9rcio Exterior (MDIC).<\/p>\n\n\n\n<p>O CT APLs de Base Mineral coordenado pela SGM\/MME e o GTP\/MDIC e composto por representantes da RedeAPLmineral, Grupo de Trabalho Permanente para Arranjos Produtivos Locais (GTP\/MDIC) e Minist\u00e9rio da Ci\u00eancia, Tecnologia e Inova\u00e7\u00e3o (MCTI) recebeu os representantes do BNB, IBGM, ABIROCHAS, CAIXA, BRADESCO, SEBRAE NACIONAL, CETEM, ANICER, Secretaria de Ind\u00fastria e Com\u00e9rcio de Goi\u00e1s e a Secretaria de Estado de Desenvolvimento Econ\u00f4mico de Minas Gerais.<\/p>\n\n\n\n<p>Na reuni\u00e3o foram apresentados estudos, projetos, informes e avalia\u00e7\u00f5es dos GTs Setoriais Pilotos dos segmentos de Cer\u00e2mica Vermelha, Rochas Ornamentais e Gemas, Joias e Afins. Para o Sr. H\u00e9cliton Santini Henriques, Presidente do Instituto Brasileiro de Gemas e Metais Preciosos (IBGM) as parcerias s\u00e3o de extrema import\u00e2ncia para o fortalecimento dos APLs. \u201cAl\u00e9m das parcerias, estamos trabalhando a finco nas \u00e1reas de promo\u00e7\u00e3o comercial, capacita\u00e7\u00e3o e informa\u00e7\u00e3o, pontos cruciais para o crescimento do setor\u201d.<\/p>\n\n\n\n<p>Representando o segmento de Cer\u00e2mica Vermelha o Presidente da Associa\u00e7\u00e3o Nacional da Ind\u00fastria Cer\u00e2mica (ANICER), o Sr. Luis Carlos Barbosa Lima, apresentou a proposi\u00e7\u00e3o de agenda estrat\u00e9gica para a competitividade do setor de cer\u00e2mica vermelha no Brasil. J\u00e1 o Sr. Reinaldo Sampaio, Presidente da Associa\u00e7\u00e3o Brasileira da Ind\u00fastria de Rochas Ornamentais (ABIROCHAS) relatou a import\u00e2ncia de construir uma estrat\u00e9gia de desenvolvimento e atualiza\u00e7\u00e3o tecnol\u00f3gica que garanta o avan\u00e7o no setor de rochas ornamentais. \u201cPara esse crescimento \u00e9 necess\u00e1rio a constru\u00e7\u00e3o de um di\u00e1logo positivo com todos os envolvidos no nosso segmento\u201d, destacou.<\/p>\n\n\n\n<p>Foram apresentados na 2\u00aa Reuni\u00e3o do CT APL Mineral dois estudos do CETEM. O primeiro de Normatiza\u00e7\u00e3o e Avalia\u00e7\u00e3o da Conformidade de Rochas Ornamentais e o de Gemas, Joias e Afins, que est\u00e3o sendo desenvolvidos em parceria com a ABNT, Inmetro e IRD, bem como do Projeto Invent\u00e1rio do Ciclo de Vida de Produtos de Rochas Ornamentais, realizado em parceria com IBICT, UnB, USP e Inmetro. Esse \u00faltimo faz parte do Plano Nacional de Avalia\u00e7\u00e3o do Ciclo de Vida e est\u00e1 em fase de an\u00e1lise e verifica\u00e7\u00e3o de dados. Ambos apresentados pelo Chefe de Apoio aos APLs de Base Mineral do CETEM, Francisco Wilson Hollanda Vidal.<\/p>\n\n\n\n<p>Outra a\u00e7\u00e3o apresentada na 2\u00aa Reuni\u00e3o APL Mineral, foi o Observat\u00f3rio que tem como idealizador o GTP APL\/MDIC em conjunto com o MCT e IBICT e est\u00e1 em fase de finaliza\u00e7\u00e3o e ser\u00e1 composto por portal, rede social e banco de dados, todos voltados para a listagem e compartilhamento de informa\u00e7\u00f5es e conhecimentos entre os profissionais envolvidos a APLs Pessoas jur\u00eddicas e f\u00edsicas, entes do governo municipal, estadual e federal, comunidades cient\u00edficas e tecnol\u00f3gicas, empresas, sindicatos e institui\u00e7\u00f5es de financiamento que queiram fazer ades\u00e3o \u00e0 RedeAPLmineral devem entrar em contato por meio do email: redeaplmineral@ibict.br ou no telefone: (61) 3217 6336.<\/p>\n\n\n\n<p><strong>Por Comunica\u00e7\u00e3o RedeAPLmineral<\/strong><\/p>\n","protected":false},"excerpt":{"rendered":"<p>A necessidade de parcerias para o fortalecimento e sustentabilidade da cadeia produtiva do setor mineral, foi um dos assuntos de maior destaque na 2\u00aa Reuni\u00e3o do Comit\u00ea Tem\u00e1tico APLs de Base Mineral (CT APL Mineral) realizada na \u00faltima quarta feira (22\/08), no Minist\u00e9rio do Desenvolvimento, Ind\u00fastria e Com\u00e9rcio Exterior (MDIC). O CT APLs de Base [&hellip;]<\/p>\n","protected":false},"author":5,"featured_media":0,"comment_status":"open","ping_status":"open","sticky":false,"template":"","format":"standard","meta":{"footnotes":""},"categories":[10],"tags":[],"class_list":["post-2294","post","type-post","status-publish","format-standard","hentry","category-noticias"],"_links":{"self":[{"href":"http:\/\/redeaplmineral.org.br\/index.php?rest_route=\/wp\/v2\/posts\/2294","targetHints":{"allow":["GET"]}}],"collection":[{"href":"http:\/\/redeaplmineral.org.br\/index.php?rest_route=\/wp\/v2\/posts"}],"about":[{"href":"http:\/\/redeaplmineral.org.br\/index.php?rest_route=\/wp\/v2\/types\/post"}],"author":[{"embeddable":true,"href":"http:\/\/redeaplmineral.org.br\/index.php?rest_route=\/wp\/v2\/users\/5"}],"replies":[{"embeddable":true,"href":"http:\/\/redeaplmineral.org.br\/index.php?rest_route=%2Fwp%2Fv2%2Fcomments&post=2294"}],"version-history":[{"count":1,"href":"http:\/\/redeaplmineral.org.br\/index.php?rest_route=\/wp\/v2\/posts\/2294\/revisions"}],"predecessor-version":[{"id":2295,"href":"http:\/\/redeaplmineral.org.br\/index.php?rest_route=\/wp\/v2\/posts\/2294\/revisions\/2295"}],"wp:attachment":[{"href":"http:\/\/redeaplmineral.org.br\/index.php?rest_route=%2Fwp%2Fv2%2Fmedia&parent=2294"}],"wp:term":[{"taxonomy":"category","embeddable":true,"href":"http:\/\/redeaplmineral.org.br\/index.php?rest_route=%2Fwp%2Fv2%2Fcategories&post=2294"},{"taxonomy":"post_tag","embeddable":true,"href":"http:\/\/redeaplmineral.org.br\/index.php?rest_route=%2Fwp%2Fv2%2Ftags&post=2294"}],"curies":[{"name":"wp","href":"https:\/\/api.w.org\/{rel}","templated":true}]}}