{"id":2012,"date":"2011-10-04T16:06:51","date_gmt":"2011-10-04T19:06:51","guid":{"rendered":"http:\/\/redeaplmineral.org.br\/?p=2012"},"modified":"2020-10-14T02:38:46","modified_gmt":"2020-10-14T05:38:46","slug":"viii-seminario-nacional-de-arranjos-produtivos-locais-de-base-mineral-e-v-encontro-da-redeaplmineral","status":"publish","type":"post","link":"http:\/\/redeaplmineral.org.br\/?p=2012","title":{"rendered":"VIII Semin\u00e1rio Nacional de Arranjos Produtivos Locais de Base Mineral e V Encontro da RedeAPLmineral"},"content":{"rendered":"\n<p>Deu-se in\u00edcio hoje, \u00e0s 15h na FIEP em Campina Grande a Reuni\u00e3o de Pr\u00e9-Evento do VIII Semin\u00e1rio Nacional de Arranjos Produtivos Locais de Base Mineral e V Encontro da RedeAPLmineral. A reuni\u00e3o contou at\u00e9 o momento com as apresenta\u00e7\u00f5es sobre uma nova vers\u00e3o do portal, e do Plano de Desenvolvimento da RedeAPLmineral Tri\u00eanio 2009-2012, que foram apresentados pela M\u00e1rcia Liz e Renata Monteiro respectivamente.<\/p>\n\n\n\n<p>Ser\u00e3o apresentadas ainda a Reestrutura\u00e7\u00e3o da Rede, a Estrutura\u00e7\u00e3o do Comit\u00ea Tem\u00e1tico APLs de Base Mineral, Servi\u00e7o de Resposta T\u00e9cnica e sobre o Pr\u00eamio Melhores Pr\u00e1ticas.<\/p>\n\n\n\n<p>Fiquem atentos, voltamos a qualquer momento com mais informa\u00e7\u00f5es do Evento.<\/p>\n","protected":false},"excerpt":{"rendered":"<p>Deu-se in\u00edcio hoje, \u00e0s 15h na FIEP em Campina Grande a Reuni\u00e3o de Pr\u00e9-Evento do VIII Semin\u00e1rio Nacional de Arranjos Produtivos Locais de Base Mineral e V Encontro da RedeAPLmineral. A reuni\u00e3o contou at\u00e9 o momento com as apresenta\u00e7\u00f5es sobre uma nova vers\u00e3o do portal, e do Plano de Desenvolvimento da RedeAPLmineral Tri\u00eanio 2009-2012, que [&hellip;]<\/p>\n","protected":false},"author":5,"featured_media":0,"comment_status":"open","ping_status":"open","sticky":false,"template":"","format":"standard","meta":{"footnotes":""},"categories":[10],"tags":[],"class_list":["post-2012","post","type-post","status-publish","format-standard","hentry","category-noticias"],"_links":{"self":[{"href":"http:\/\/redeaplmineral.org.br\/index.php?rest_route=\/wp\/v2\/posts\/2012","targetHints":{"allow":["GET"]}}],"collection":[{"href":"http:\/\/redeaplmineral.org.br\/index.php?rest_route=\/wp\/v2\/posts"}],"about":[{"href":"http:\/\/redeaplmineral.org.br\/index.php?rest_route=\/wp\/v2\/types\/post"}],"author":[{"embeddable":true,"href":"http:\/\/redeaplmineral.org.br\/index.php?rest_route=\/wp\/v2\/users\/5"}],"replies":[{"embeddable":true,"href":"http:\/\/redeaplmineral.org.br\/index.php?rest_route=%2Fwp%2Fv2%2Fcomments&post=2012"}],"version-history":[{"count":1,"href":"http:\/\/redeaplmineral.org.br\/index.php?rest_route=\/wp\/v2\/posts\/2012\/revisions"}],"predecessor-version":[{"id":2013,"href":"http:\/\/redeaplmineral.org.br\/index.php?rest_route=\/wp\/v2\/posts\/2012\/revisions\/2013"}],"wp:attachment":[{"href":"http:\/\/redeaplmineral.org.br\/index.php?rest_route=%2Fwp%2Fv2%2Fmedia&parent=2012"}],"wp:term":[{"taxonomy":"category","embeddable":true,"href":"http:\/\/redeaplmineral.org.br\/index.php?rest_route=%2Fwp%2Fv2%2Fcategories&post=2012"},{"taxonomy":"post_tag","embeddable":true,"href":"http:\/\/redeaplmineral.org.br\/index.php?rest_route=%2Fwp%2Fv2%2Ftags&post=2012"}],"curies":[{"name":"wp","href":"https:\/\/api.w.org\/{rel}","templated":true}]}}