{"id":1994,"date":"2011-09-15T14:16:56","date_gmt":"2011-09-15T17:16:56","guid":{"rendered":"http:\/\/redeaplmineral.org.br\/?p=1994"},"modified":"2020-10-14T02:25:11","modified_gmt":"2020-10-14T05:25:11","slug":"seminario-internacional-sobre-agregados-2","status":"publish","type":"post","link":"http:\/\/redeaplmineral.org.br\/?p=1994","title":{"rendered":"Semin\u00e1rio Internacional sobre Agregados"},"content":{"rendered":"\n<p>No per\u00edodo de 8 a 10 de novembro, ser\u00e1 realizado, em Atibaia (SP), o Semin\u00e1rio Internacional Sobre Agregados Para Constru\u00e7\u00e3o Civil, O evento, promovido pela Anepac (Associa\u00e7\u00e3o Nacional das Entidades de Produtores de Agregados para Constru\u00e7\u00e3o Civil), tem por objetivo estimular a troca de experi\u00eancias sobre a quest\u00e3o das Rela\u00e7\u00f5es Comunit\u00e1rias no setor de agregados.&nbsp;<\/p>\n\n\n\n<p>No dia 9\/11 ser\u00e3o apresentados dois pain\u00e9is com o tema: \u201cExperi\u00eancia da Minera\u00e7\u00e3o de Agregados em Rela\u00e7\u00f5es Comunit\u00e1rias\u201d. No primeiro, o debate ser\u00e1 realizado por representantes de associa\u00e7\u00f5es internacionais.<\/p>\n\n\n\n<p>Na quinta-feita, dia 10\/11, dois novos pain\u00e9is com os temas: \u201cNovos Requisitos de Qualidade para os Agregados\u201d e \u201cOrdenamento Territorial Como Garantia de Suprimento Futuro\u201d.<\/p>\n\n\n\n<p>E para fechar haver\u00e1 uma mesa redonda para discuss\u00e3o da \u201cImagem P\u00fablica da Minera\u00e7\u00e3o de Agregados\u201d.<\/p>\n\n\n\n<p>Voc\u00ea pode baixar a programa\u00e7\u00e3o completa do Semin\u00e1rio atrav\u00e9s do link:<\/p>\n\n\n\n<p><strong>Para outras informa\u00e7\u00f5es: http:\/\/www.anepac.org.br\/seminario\/portugues\/<\/strong><\/p>\n","protected":false},"excerpt":{"rendered":"<p>No per\u00edodo de 8 a 10 de novembro, ser\u00e1 realizado, em Atibaia (SP), o Semin\u00e1rio Internacional Sobre Agregados Para Constru\u00e7\u00e3o Civil, O evento, promovido pela Anepac (Associa\u00e7\u00e3o Nacional das Entidades de Produtores de Agregados para Constru\u00e7\u00e3o Civil), tem por objetivo estimular a troca de experi\u00eancias sobre a quest\u00e3o das Rela\u00e7\u00f5es Comunit\u00e1rias no setor de agregados.&nbsp; [&hellip;]<\/p>\n","protected":false},"author":5,"featured_media":0,"comment_status":"open","ping_status":"open","sticky":false,"template":"","format":"standard","meta":{"footnotes":""},"categories":[10],"tags":[],"class_list":["post-1994","post","type-post","status-publish","format-standard","hentry","category-noticias"],"_links":{"self":[{"href":"http:\/\/redeaplmineral.org.br\/index.php?rest_route=\/wp\/v2\/posts\/1994","targetHints":{"allow":["GET"]}}],"collection":[{"href":"http:\/\/redeaplmineral.org.br\/index.php?rest_route=\/wp\/v2\/posts"}],"about":[{"href":"http:\/\/redeaplmineral.org.br\/index.php?rest_route=\/wp\/v2\/types\/post"}],"author":[{"embeddable":true,"href":"http:\/\/redeaplmineral.org.br\/index.php?rest_route=\/wp\/v2\/users\/5"}],"replies":[{"embeddable":true,"href":"http:\/\/redeaplmineral.org.br\/index.php?rest_route=%2Fwp%2Fv2%2Fcomments&post=1994"}],"version-history":[{"count":1,"href":"http:\/\/redeaplmineral.org.br\/index.php?rest_route=\/wp\/v2\/posts\/1994\/revisions"}],"predecessor-version":[{"id":1995,"href":"http:\/\/redeaplmineral.org.br\/index.php?rest_route=\/wp\/v2\/posts\/1994\/revisions\/1995"}],"wp:attachment":[{"href":"http:\/\/redeaplmineral.org.br\/index.php?rest_route=%2Fwp%2Fv2%2Fmedia&parent=1994"}],"wp:term":[{"taxonomy":"category","embeddable":true,"href":"http:\/\/redeaplmineral.org.br\/index.php?rest_route=%2Fwp%2Fv2%2Fcategories&post=1994"},{"taxonomy":"post_tag","embeddable":true,"href":"http:\/\/redeaplmineral.org.br\/index.php?rest_route=%2Fwp%2Fv2%2Ftags&post=1994"}],"curies":[{"name":"wp","href":"https:\/\/api.w.org\/{rel}","templated":true}]}}