{"id":1886,"date":"2011-06-30T15:17:57","date_gmt":"2011-06-30T18:17:57","guid":{"rendered":"http:\/\/redeaplmineral.org.br\/?p=1886"},"modified":"2020-10-15T04:41:10","modified_gmt":"2020-10-15T07:41:10","slug":"ministro-edison-lobao-da-posse-ao-novo-diretor-presidente-da-cprm","status":"publish","type":"post","link":"http:\/\/redeaplmineral.org.br\/?p=1886","title":{"rendered":"Ministro Edison Lob\u00e3o D\u00e1 Posse ao Novo Diretor-Presidente da CPRM"},"content":{"rendered":"\n<p><\/p>\n\n\n\n<p>O ministro de Minas e Energia, Edison Lob\u00e3o, d\u00e1 posse, nesta quinta-feira, 30 de junho de 2011, \u00e0s 11 horas, em solenidade no Escrit\u00f3rio do Servi\u00e7o Geol\u00f3gico do Brasil (CPRM), na avenida Pasteur, 404, bairro da Urca (RJ), ao novo diretor-presidente da institui\u00e7\u00e3o, ge\u00f3logo Manoel Barretto. A elei\u00e7\u00e3o do novo diretor-presidente ocorreu em reuni\u00e3o do Conselho de Administra\u00e7\u00e3o da CPRM, realizada na Secretaria de Geologia, Minera\u00e7\u00e3o e Transforma\u00e7\u00e3o Mineral (SGM), nesta quarta-feira, 29, \u00e0s 17 horas, sendo aprovada por todos os conselheiros presentes.<\/p>\n\n\n\n<p>Manoel Barretto da Rocha Neto \u00e9 ge\u00f3logo graduado pela Universidade Federal da Bahia (UFBA), em 1973. Especializou-se em Geologia Econ\u00f4mica pela Universidade Federal de Ouro Preto (UFOP), em 1975.<\/p>\n\n\n\n<p>Mestrado em Geologia Econ\u00f4mica na UFBA. Por concurso, tornou-se professor do Instituto de Geoci\u00eancias da UFBA, no per\u00edodo 1975-1976.<\/p>\n\n\n\n<p>Exerceu atividades profissionais no Departamento Nacional de Produ\u00e7\u00e3o Mineral (DNPM) em 1974; na Companhia Baiana de Pesquisa Mineral (CBPM) 1978\/1996 e em v\u00e1rias empresas de minera\u00e7\u00e3o, destacando-se a Companhia de Ferro Ligas da Bahia.<\/p>\n\n\n\n<p>Foi membro do Conselho de Administra\u00e7\u00e3o da Rio Salitre Minera\u00e7\u00e3o. Na CBPM, foi gerente-t\u00e9cnico de Programas Pesquisa de Ouro no greenstone belt de Itapicuru, BA.<\/p>\n\n\n\n<p>Em 1989 foi membro do Grupo de Trabalho para elabora\u00e7\u00e3o do Programa do Curso de Especializa\u00e7\u00e3o em Explora\u00e7\u00e3o Mineral para a Secretaria das Minas e Energia do Estado da Bahia.<\/p>\n\n\n\n<p>Pelo conv\u00eanio Brasil-Canad\u00e1, firmado entre o Governo da Bahia e a Canadian International Development Agency (Cida), realizou est\u00e1gio nas Prov\u00edncias Minerais de Ont\u00e1rio e Quebec, com \u00eanfase em dep\u00f3sitos aur\u00edferos.<\/p>\n\n\n\n<p>Exerceu as fun\u00e7\u00f5es de diretor da Associa\u00e7\u00e3o Baiana de Ge\u00f3logos e do Sindicato de Engenheiros da Bahia e vice-presidente da Federa\u00e7\u00e3o Interestadual do Sindicato de Engenheiros.<\/p>\n\n\n\n<p>De 2003 at\u00e9 a sua nomea\u00e7\u00e3o como diretor-presidente do Servi\u00e7o Geol\u00f3gico do Brasil (CPRM), exerceu o cargo de diretor de Geologia, Minera\u00e7\u00e3o e Transforma\u00e7\u00e3o Mineral na institui\u00e7\u00e3o.<\/p>\n\n\n\n<p><strong>Fonte: www.cprm.gov.br<\/strong><\/p>\n","protected":false},"excerpt":{"rendered":"<p>O ministro de Minas e Energia, Edison Lob\u00e3o, d\u00e1 posse, nesta quinta-feira, 30 de junho de 2011, \u00e0s 11 horas, em solenidade no Escrit\u00f3rio do Servi\u00e7o Geol\u00f3gico do Brasil (CPRM), na avenida Pasteur, 404, bairro da Urca (RJ), ao novo diretor-presidente da institui\u00e7\u00e3o, ge\u00f3logo Manoel Barretto. A elei\u00e7\u00e3o do novo diretor-presidente ocorreu em reuni\u00e3o do [&hellip;]<\/p>\n","protected":false},"author":5,"featured_media":0,"comment_status":"open","ping_status":"open","sticky":false,"template":"","format":"standard","meta":{"footnotes":""},"categories":[10],"tags":[],"class_list":["post-1886","post","type-post","status-publish","format-standard","hentry","category-noticias"],"_links":{"self":[{"href":"http:\/\/redeaplmineral.org.br\/index.php?rest_route=\/wp\/v2\/posts\/1886","targetHints":{"allow":["GET"]}}],"collection":[{"href":"http:\/\/redeaplmineral.org.br\/index.php?rest_route=\/wp\/v2\/posts"}],"about":[{"href":"http:\/\/redeaplmineral.org.br\/index.php?rest_route=\/wp\/v2\/types\/post"}],"author":[{"embeddable":true,"href":"http:\/\/redeaplmineral.org.br\/index.php?rest_route=\/wp\/v2\/users\/5"}],"replies":[{"embeddable":true,"href":"http:\/\/redeaplmineral.org.br\/index.php?rest_route=%2Fwp%2Fv2%2Fcomments&post=1886"}],"version-history":[{"count":2,"href":"http:\/\/redeaplmineral.org.br\/index.php?rest_route=\/wp\/v2\/posts\/1886\/revisions"}],"predecessor-version":[{"id":2587,"href":"http:\/\/redeaplmineral.org.br\/index.php?rest_route=\/wp\/v2\/posts\/1886\/revisions\/2587"}],"wp:attachment":[{"href":"http:\/\/redeaplmineral.org.br\/index.php?rest_route=%2Fwp%2Fv2%2Fmedia&parent=1886"}],"wp:term":[{"taxonomy":"category","embeddable":true,"href":"http:\/\/redeaplmineral.org.br\/index.php?rest_route=%2Fwp%2Fv2%2Fcategories&post=1886"},{"taxonomy":"post_tag","embeddable":true,"href":"http:\/\/redeaplmineral.org.br\/index.php?rest_route=%2Fwp%2Fv2%2Ftags&post=1886"}],"curies":[{"name":"wp","href":"https:\/\/api.w.org\/{rel}","templated":true}]}}